{"id":3458,"date":"2021-10-18T19:47:21","date_gmt":"2021-10-18T23:47:21","guid":{"rendered":"http:\/\/localhost:10089\/le-transport-maritime-demande-une-place-au-sein-du-conseil-de-la-cmi-avant-la-publication-du-rapport-du-comite-glam\/"},"modified":"2023-08-31T13:45:22","modified_gmt":"2023-08-31T17:45:22","slug":"le-transport-maritime-demande-une-place-au-sein-du-conseil-de-la-cmi-avant-la-publication-du-rapport-du-comite-glam","status":"publish","type":"post","link":"https:\/\/marinedelivers.com\/fr\/le-transport-maritime-demande-une-place-au-sein-du-conseil-de-la-cmi-avant-la-publication-du-rapport-du-comite-glam\/","title":{"rendered":"Le transport maritime demande une place au sein du Conseil de la CMI avant la publication du rapport du comit\u00e9 GLAM"},"content":{"rendered":"<p>Le 18 octobre 2021 \u2013 La Chambre de commerce maritime, qui repr\u00e9sente l&rsquo;ensemble de la cha\u00eene logistique maritime, demande que les int\u00e9r\u00eats dans le domaine de la navigation commerciale soient repr\u00e9sent\u00e9s au sein du Conseil international du lac Ontario et du fleuve Saint-Laurent (CILOFSL) et qu\u2019on reconnaisse comme il se doit \u00ab\u00a0l\u2019ampleur v\u00e9ritable\u00a0\u00bb des cons\u00e9quences \u00e9conomiques d\u2019une interruption ou d\u2019un retard de la navigation en raison des d\u00e9bits d\u2019eau non s\u00e9curitaires au barrage Moses-Saunders. Cet appel survient alors que la premi\u00e8re phase de l&rsquo;examen du plan de 2014 tire \u00e0 sa fin et qu\u2019on attend le rapport ce mois-ci.<\/p>\n<p>Bruce Burrows, pr\u00e9sident et chef de la direction de la Chambre de commerce maritime, a d\u00e9clar\u00e9\u00a0: \u00ab\u00a0La navigation commerciale repr\u00e9sente un des principaux utilisateurs de la Voie maritime du Saint-Laurent \u2013 nous devrions absolument avoir notre place \u00e0 la table, prendre part aux d\u00e9cisions et pouvoir travailler en partenariat avec les autres intervenants pour en arriver \u00e0 des solutions intelligentes. On a longtemps jou\u00e9 un r\u00f4le important dans le processus d\u00e9cisionnel et le secteur de la navigation commerciale a collabor\u00e9 avec succ\u00e8s lors des p\u00e9riodes o\u00f9 les niveaux d\u2019eau \u00e9taient \u00e9lev\u00e9s. Nous devrions tous travailler main dans la main \u00e0 l\u2019avenir.\u00a0\u00bb<\/p>\n<p>En cr\u00e9ant le groupe consultatif provisoire aupr\u00e8s du conseil en novembre 2020, on a \u00e9limin\u00e9 la contribution du secteur de la navigation commerciale du CILOFSIL.<\/p>\n<p>La navigation commerciale arrive au deuxi\u00e8me rang selon l\u2019ordre de priorit\u00e9 \u00e9tabli dans le Trait\u00e9 des eaux limitrophes en 1909, que la CMI doit respecter et, en tant que tels, les int\u00e9r\u00eats du secteur maritime commercial devraient \u00eatre repr\u00e9sent\u00e9s au sein du Conseil. Id\u00e9alement, compte tenu des int\u00e9r\u00eats g\u00e9n\u00e9raux de l&rsquo;industrie (incluant les navigateurs commerciaux et les exportateurs) qui est concern\u00e9e par les d\u00e9cisions du CILOFSIL, il devrait y avoir deux places \u00e0 la table afin de vraiment r\u00e9pondre aux besoins des utilisateurs.<\/p>\n<p>Le comit\u00e9 de gestion adaptative des Grands Lacs et du Saint-Laurent (GLAM) devrait soumettre son rapport de la premi\u00e8re phase sur l&rsquo;examen du plan acc\u00e9l\u00e9r\u00e9 de 2014 \u00e0 la Commission mixte internationale (CMI) ce mois-ci. La premi\u00e8re phase de l&rsquo;examen consiste \u00e0 recueillir de l&rsquo;information et \u00e0 \u00e9laborer des outils pour g\u00e9rer l\u2019eau rejet\u00e9e dans les conditions de niveaux extr\u00eames pour aider ainsi \u00e0 orienter les d\u00e9cisions rendues par le CILOFSIL.<\/p>\n<p>Une \u00e9tude r\u00e9alis\u00e9e par Martin Associates et command\u00e9e par les corporations de gestion de la Voie maritime du Saint-Laurent du Canada et des \u00c9tats-Unis a clairement d\u00e9montr\u00e9 que les impacts \u00e9conomiques des interruptions de la navigation commerciale entra\u00eeneraient la perte de milliers d\u2019emplois, une perte temporaire grave d\u2019activit\u00e9 \u00e9conomique (allant de 550 millions de dollars \u00e0 2 milliards de dollars, tout d\u00e9pendant de la p\u00e9riode de l\u2019ann\u00e9e et de la dur\u00e9e de l&rsquo;interruption), une hausse des prix des mati\u00e8res premi\u00e8res, ainsi que des dommages permanents \u00e0 la r\u00e9putation et une perte d&rsquo;activit\u00e9s aux mains de modes de transport concurrentiels et moins \u00e9cologiques, comme le camion et le train.<\/p>\n<p>Voyez le rapport dans son int\u00e9gralit\u00e9\u00a0: <a href=\"https:\/\/greatlakes-seaway.com\/wp-content\/uploads\/2021\/09\/impacts_restrictions_commercial_navigation.pdf\">https:\/\/greatlakes-seaway.com\/wp-<\/a><a href=\"https:\/\/greatlakes-seaway.com\/wp-content\/uploads\/2021\/09\/impacts_restrictions_commercial_navigation.pdf\">content\/uploads\/2021\/09\/impacts_restrictions_commercial_navigation.pdf<\/a><\/p>\n<p>Burrows a d\u00e9clar\u00e9\u00a0: \u00ab\u00a0La Voie maritime du Saint-Laurent repr\u00e9sente un maillon essentiel du corridor servant au commerce et au transport entre nos deux pays qui favorise des milliards de dollars d\u2019\u00e9changes \u00e9conomiques par des agriculteurs, des fabricants, des entreprises de construction, des producteurs d&rsquo;\u00e9nergie et des soci\u00e9t\u00e9s mini\u00e8res du Canada et des \u00c9tats-Unis qui produisent des biens et des services destin\u00e9s aux r\u00e9sidents de la r\u00e9gion des Grands Lacs et du Saint-Laurent. La pand\u00e9mie nous a d\u00e9montr\u00e9 les cons\u00e9quences v\u00e9ritables des torts qu\u2019une perturbation de la cha\u00eene d&rsquo;approvisionnement peut causer au mode de vie et aux moyens de subsistance des gens. Nous devons conjuguer nos efforts pour \u00e9laborer un plan scientifique intelligent qui permettra de contrer les effets d\u00e9favorables des niveaux d\u2019eau \u00e9lev\u00e9s dans la r\u00e9gion des Grands Lacs et du Saint-Laurent.\u00a0\u00bb<\/p>\n<p>\u00a0<\/p>\n<p>###<\/p>\n<p><strong>Flickr \u2013 <\/strong>T\u00e9l\u00e9chargez les photos du transport maritime sur les Grands Lacs et le Saint-Laurent\u00a0:<\/p>\n<p><a href=\"https:\/\/www.flickr.com\/photos\/marinecommerce\/albums\/72157657049769546\">https:\/\/www.flickr.com\/photos\/marinecommerce\/albums\/72157657049769546<\/a><\/p>\n<p><strong>Au sujet de la\u00a0<\/strong><a href=\"http:\/\/www.localhost:10089\/\"><strong>Chambre de commerce maritime<\/strong><\/a><\/p>\n<p>La Chambre de commerce maritime est une association binationale qui repr\u00e9sente au-del\u00e0 de 100 intervenants de l\u2019industrie maritime, incluant des exp\u00e9diteurs canadiens et am\u00e9ricains d\u2019importance, des ports, des terminaux, ainsi que des fournisseurs de services maritimes et des propri\u00e9taires de navires canadiens et \u00e9trangers. La Chambre d\u00e9fend une politique et une r\u00e9glementation s\u00e9curitaires, durables, harmonis\u00e9es et concurrentielles qui reconnaissent les avantages consid\u00e9rables du syst\u00e8me de transport maritime sur les Grands Lacs, sur le Saint-Laurent, ainsi que dans les r\u00e9gions c\u00f4ti\u00e8res et arctiques.<\/p>\n<p><strong>Relations avec les m\u00e9dias\u00a0:<\/strong><\/p>\n<p>Julia Fields<\/p>\n<p>Chambre de commerce maritime<\/p>\n<p>jfields@cmc-ccm.com<\/p>\n<p>(613) 294-8515<\/p>\n","protected":false},"excerpt":{"rendered":"<p>Le 18 octobre 2021 \u2013 La Chambre de commerce maritime,&#8230;<\/p>\n","protected":false},"author":2,"featured_media":0,"comment_status":"closed","ping_status":"closed","sticky":false,"template":"","format":"standard","meta":{"_acf_changed":false,"footnotes":""},"categories":[2],"tags":[],"news-region":[87],"global-filter":[],"class_list":["post-3458","post","type-post","status-publish","format-standard","hentry","category-media-release","news-region-canadian-media"],"acf":[],"yoast_head":"<!-- This site is optimized with the Yoast SEO plugin v27.3 - https:\/\/yoast.com\/product\/yoast-seo-wordpress\/ -->\n<title>Le transport maritime demande une place au sein du Conseil de la CMI avant la publication du rapport du comit\u00e9 GLAM - Chambre de Commerce Maritime<\/title>\n<meta name=\"robots\" content=\"index, follow, max-snippet:-1, max-image-preview:large, max-video-preview:-1\" \/>\n<link rel=\"canonical\" href=\"https:\/\/marinedelivers.com\/fr\/le-transport-maritime-demande-une-place-au-sein-du-conseil-de-la-cmi-avant-la-publication-du-rapport-du-comite-glam\/\" \/>\n<meta property=\"og:locale\" content=\"fr_FR\" \/>\n<meta property=\"og:type\" content=\"article\" \/>\n<meta property=\"og:title\" content=\"Le transport maritime demande une place au sein du Conseil de la CMI avant la publication du rapport du comit\u00e9 GLAM - Chambre de Commerce Maritime\" \/>\n<meta property=\"og:description\" content=\"Le 18 octobre 2021 \u2013 La Chambre de commerce maritime,...\" \/>\n<meta property=\"og:url\" content=\"https:\/\/marinedelivers.com\/fr\/le-transport-maritime-demande-une-place-au-sein-du-conseil-de-la-cmi-avant-la-publication-du-rapport-du-comite-glam\/\" \/>\n<meta property=\"og:site_name\" content=\"Chambre de Commerce Maritime\" \/>\n<meta property=\"article:publisher\" content=\"https:\/\/www.facebook.com\/MarineDelivers\/\" \/>\n<meta property=\"article:published_time\" content=\"2021-10-18T23:47:21+00:00\" \/>\n<meta property=\"article:modified_time\" content=\"2023-08-31T17:45:22+00:00\" \/>\n<meta name=\"author\" content=\"Katie\" \/>\n<meta name=\"twitter:card\" content=\"summary_large_image\" \/>\n<meta name=\"twitter:creator\" content=\"@marinedelivers\" \/>\n<meta name=\"twitter:site\" content=\"@marinedelivers\" \/>\n<meta name=\"twitter:label1\" content=\"\u00c9crit par\" \/>\n\t<meta name=\"twitter:data1\" content=\"Katie\" \/>\n\t<meta name=\"twitter:label2\" content=\"Dur\u00e9e de lecture estim\u00e9e\" \/>\n\t<meta name=\"twitter:data2\" content=\"4 minutes\" \/>\n<script type=\"application\/ld+json\" class=\"yoast-schema-graph\">{\"@context\":\"https:\\\/\\\/schema.org\",\"@graph\":[{\"@type\":\"Article\",\"@id\":\"https:\\\/\\\/marinedelivers.com\\\/fr\\\/le-transport-maritime-demande-une-place-au-sein-du-conseil-de-la-cmi-avant-la-publication-du-rapport-du-comite-glam\\\/#article\",\"isPartOf\":{\"@id\":\"https:\\\/\\\/marinedelivers.com\\\/fr\\\/le-transport-maritime-demande-une-place-au-sein-du-conseil-de-la-cmi-avant-la-publication-du-rapport-du-comite-glam\\\/\"},\"author\":{\"name\":\"Katie\",\"@id\":\"https:\\\/\\\/marinedelivers.com\\\/fr\\\/#\\\/schema\\\/person\\\/32d56e1d06dc24f04008ed23211a3901\"},\"headline\":\"Le transport maritime demande une place au sein du Conseil de la CMI avant la publication du rapport du comit\u00e9 GLAM\",\"datePublished\":\"2021-10-18T23:47:21+00:00\",\"dateModified\":\"2023-08-31T17:45:22+00:00\",\"mainEntityOfPage\":{\"@id\":\"https:\\\/\\\/marinedelivers.com\\\/fr\\\/le-transport-maritime-demande-une-place-au-sein-du-conseil-de-la-cmi-avant-la-publication-du-rapport-du-comite-glam\\\/\"},\"wordCount\":877,\"publisher\":{\"@id\":\"https:\\\/\\\/marinedelivers.com\\\/fr\\\/#organization\"},\"articleSection\":[\"Media Release\"],\"inLanguage\":\"fr-FR\"},{\"@type\":\"WebPage\",\"@id\":\"https:\\\/\\\/marinedelivers.com\\\/fr\\\/le-transport-maritime-demande-une-place-au-sein-du-conseil-de-la-cmi-avant-la-publication-du-rapport-du-comite-glam\\\/\",\"url\":\"https:\\\/\\\/marinedelivers.com\\\/fr\\\/le-transport-maritime-demande-une-place-au-sein-du-conseil-de-la-cmi-avant-la-publication-du-rapport-du-comite-glam\\\/\",\"name\":\"Le transport maritime demande une place au sein du Conseil de la CMI avant la publication du rapport du comit\u00e9 GLAM - Chambre de Commerce Maritime\",\"isPartOf\":{\"@id\":\"https:\\\/\\\/marinedelivers.com\\\/fr\\\/#website\"},\"datePublished\":\"2021-10-18T23:47:21+00:00\",\"dateModified\":\"2023-08-31T17:45:22+00:00\",\"breadcrumb\":{\"@id\":\"https:\\\/\\\/marinedelivers.com\\\/fr\\\/le-transport-maritime-demande-une-place-au-sein-du-conseil-de-la-cmi-avant-la-publication-du-rapport-du-comite-glam\\\/#breadcrumb\"},\"inLanguage\":\"fr-FR\",\"potentialAction\":[{\"@type\":\"ReadAction\",\"target\":[\"https:\\\/\\\/marinedelivers.com\\\/fr\\\/le-transport-maritime-demande-une-place-au-sein-du-conseil-de-la-cmi-avant-la-publication-du-rapport-du-comite-glam\\\/\"]}]},{\"@type\":\"BreadcrumbList\",\"@id\":\"https:\\\/\\\/marinedelivers.com\\\/fr\\\/le-transport-maritime-demande-une-place-au-sein-du-conseil-de-la-cmi-avant-la-publication-du-rapport-du-comite-glam\\\/#breadcrumb\",\"itemListElement\":[{\"@type\":\"ListItem\",\"position\":1,\"name\":\"Home\",\"item\":\"https:\\\/\\\/marinedelivers.com\\\/fr\\\/\"},{\"@type\":\"ListItem\",\"position\":2,\"name\":\"Le transport maritime demande une place au sein du Conseil de la CMI avant la publication du rapport du comit\u00e9 GLAM\"}]},{\"@type\":\"WebSite\",\"@id\":\"https:\\\/\\\/marinedelivers.com\\\/fr\\\/#website\",\"url\":\"https:\\\/\\\/marinedelivers.com\\\/fr\\\/\",\"name\":\"Chambre de Commerce Maritime\",\"description\":\"Marine delivers our exports to the world\",\"publisher\":{\"@id\":\"https:\\\/\\\/marinedelivers.com\\\/fr\\\/#organization\"},\"potentialAction\":[{\"@type\":\"SearchAction\",\"target\":{\"@type\":\"EntryPoint\",\"urlTemplate\":\"https:\\\/\\\/marinedelivers.com\\\/fr\\\/?s={search_term_string}\"},\"query-input\":{\"@type\":\"PropertyValueSpecification\",\"valueRequired\":true,\"valueName\":\"search_term_string\"}}],\"inLanguage\":\"fr-FR\"},{\"@type\":\"Organization\",\"@id\":\"https:\\\/\\\/marinedelivers.com\\\/fr\\\/#organization\",\"name\":\"Chamber of Marine Commerce\",\"url\":\"https:\\\/\\\/marinedelivers.com\\\/fr\\\/\",\"logo\":{\"@type\":\"ImageObject\",\"inLanguage\":\"fr-FR\",\"@id\":\"https:\\\/\\\/marinedelivers.com\\\/fr\\\/#\\\/schema\\\/logo\\\/image\\\/\",\"url\":\"http:\\\/\\\/marinedelivers.com\\\/wp-content\\\/uploads\\\/2023\\\/07\\\/cmc-logo.svg\",\"contentUrl\":\"http:\\\/\\\/marinedelivers.com\\\/wp-content\\\/uploads\\\/2023\\\/07\\\/cmc-logo.svg\",\"width\":1,\"height\":1,\"caption\":\"Chamber of Marine Commerce\"},\"image\":{\"@id\":\"https:\\\/\\\/marinedelivers.com\\\/fr\\\/#\\\/schema\\\/logo\\\/image\\\/\"},\"sameAs\":[\"https:\\\/\\\/www.facebook.com\\\/MarineDelivers\\\/\",\"https:\\\/\\\/x.com\\\/marinedelivers\"]},{\"@type\":\"Person\",\"@id\":\"https:\\\/\\\/marinedelivers.com\\\/fr\\\/#\\\/schema\\\/person\\\/32d56e1d06dc24f04008ed23211a3901\",\"name\":\"Katie\",\"image\":{\"@type\":\"ImageObject\",\"inLanguage\":\"fr-FR\",\"@id\":\"https:\\\/\\\/secure.gravatar.com\\\/avatar\\\/638496ca638254401e2c207b0517a4c1a34cd012253fbb3303df8ad62636c4f6?s=96&d=mm&r=g\",\"url\":\"https:\\\/\\\/secure.gravatar.com\\\/avatar\\\/638496ca638254401e2c207b0517a4c1a34cd012253fbb3303df8ad62636c4f6?s=96&d=mm&r=g\",\"contentUrl\":\"https:\\\/\\\/secure.gravatar.com\\\/avatar\\\/638496ca638254401e2c207b0517a4c1a34cd012253fbb3303df8ad62636c4f6?s=96&d=mm&r=g\",\"caption\":\"Katie\"},\"url\":\"https:\\\/\\\/marinedelivers.com\\\/fr\\\/author\\\/katie\\\/\"}]}<\/script>\n<!-- \/ Yoast SEO plugin. -->","yoast_head_json":{"title":"Le transport maritime demande une place au sein du Conseil de la CMI avant la publication du rapport du comit\u00e9 GLAM - Chambre de Commerce Maritime","robots":{"index":"index","follow":"follow","max-snippet":"max-snippet:-1","max-image-preview":"max-image-preview:large","max-video-preview":"max-video-preview:-1"},"canonical":"https:\/\/marinedelivers.com\/fr\/le-transport-maritime-demande-une-place-au-sein-du-conseil-de-la-cmi-avant-la-publication-du-rapport-du-comite-glam\/","og_locale":"fr_FR","og_type":"article","og_title":"Le transport maritime demande une place au sein du Conseil de la CMI avant la publication du rapport du comit\u00e9 GLAM - Chambre de Commerce Maritime","og_description":"Le 18 octobre 2021 \u2013 La Chambre de commerce maritime,...","og_url":"https:\/\/marinedelivers.com\/fr\/le-transport-maritime-demande-une-place-au-sein-du-conseil-de-la-cmi-avant-la-publication-du-rapport-du-comite-glam\/","og_site_name":"Chambre de Commerce Maritime","article_publisher":"https:\/\/www.facebook.com\/MarineDelivers\/","article_published_time":"2021-10-18T23:47:21+00:00","article_modified_time":"2023-08-31T17:45:22+00:00","author":"Katie","twitter_card":"summary_large_image","twitter_creator":"@marinedelivers","twitter_site":"@marinedelivers","twitter_misc":{"\u00c9crit par":"Katie","Dur\u00e9e de lecture estim\u00e9e":"4 minutes"},"schema":{"@context":"https:\/\/schema.org","@graph":[{"@type":"Article","@id":"https:\/\/marinedelivers.com\/fr\/le-transport-maritime-demande-une-place-au-sein-du-conseil-de-la-cmi-avant-la-publication-du-rapport-du-comite-glam\/#article","isPartOf":{"@id":"https:\/\/marinedelivers.com\/fr\/le-transport-maritime-demande-une-place-au-sein-du-conseil-de-la-cmi-avant-la-publication-du-rapport-du-comite-glam\/"},"author":{"name":"Katie","@id":"https:\/\/marinedelivers.com\/fr\/#\/schema\/person\/32d56e1d06dc24f04008ed23211a3901"},"headline":"Le transport maritime demande une place au sein du Conseil de la CMI avant la publication du rapport du comit\u00e9 GLAM","datePublished":"2021-10-18T23:47:21+00:00","dateModified":"2023-08-31T17:45:22+00:00","mainEntityOfPage":{"@id":"https:\/\/marinedelivers.com\/fr\/le-transport-maritime-demande-une-place-au-sein-du-conseil-de-la-cmi-avant-la-publication-du-rapport-du-comite-glam\/"},"wordCount":877,"publisher":{"@id":"https:\/\/marinedelivers.com\/fr\/#organization"},"articleSection":["Media Release"],"inLanguage":"fr-FR"},{"@type":"WebPage","@id":"https:\/\/marinedelivers.com\/fr\/le-transport-maritime-demande-une-place-au-sein-du-conseil-de-la-cmi-avant-la-publication-du-rapport-du-comite-glam\/","url":"https:\/\/marinedelivers.com\/fr\/le-transport-maritime-demande-une-place-au-sein-du-conseil-de-la-cmi-avant-la-publication-du-rapport-du-comite-glam\/","name":"Le transport maritime demande une place au sein du Conseil de la CMI avant la publication du rapport du comit\u00e9 GLAM - Chambre de Commerce Maritime","isPartOf":{"@id":"https:\/\/marinedelivers.com\/fr\/#website"},"datePublished":"2021-10-18T23:47:21+00:00","dateModified":"2023-08-31T17:45:22+00:00","breadcrumb":{"@id":"https:\/\/marinedelivers.com\/fr\/le-transport-maritime-demande-une-place-au-sein-du-conseil-de-la-cmi-avant-la-publication-du-rapport-du-comite-glam\/#breadcrumb"},"inLanguage":"fr-FR","potentialAction":[{"@type":"ReadAction","target":["https:\/\/marinedelivers.com\/fr\/le-transport-maritime-demande-une-place-au-sein-du-conseil-de-la-cmi-avant-la-publication-du-rapport-du-comite-glam\/"]}]},{"@type":"BreadcrumbList","@id":"https:\/\/marinedelivers.com\/fr\/le-transport-maritime-demande-une-place-au-sein-du-conseil-de-la-cmi-avant-la-publication-du-rapport-du-comite-glam\/#breadcrumb","itemListElement":[{"@type":"ListItem","position":1,"name":"Home","item":"https:\/\/marinedelivers.com\/fr\/"},{"@type":"ListItem","position":2,"name":"Le transport maritime demande une place au sein du Conseil de la CMI avant la publication du rapport du comit\u00e9 GLAM"}]},{"@type":"WebSite","@id":"https:\/\/marinedelivers.com\/fr\/#website","url":"https:\/\/marinedelivers.com\/fr\/","name":"Chambre de Commerce Maritime","description":"Marine delivers our exports to the world","publisher":{"@id":"https:\/\/marinedelivers.com\/fr\/#organization"},"potentialAction":[{"@type":"SearchAction","target":{"@type":"EntryPoint","urlTemplate":"https:\/\/marinedelivers.com\/fr\/?s={search_term_string}"},"query-input":{"@type":"PropertyValueSpecification","valueRequired":true,"valueName":"search_term_string"}}],"inLanguage":"fr-FR"},{"@type":"Organization","@id":"https:\/\/marinedelivers.com\/fr\/#organization","name":"Chamber of Marine Commerce","url":"https:\/\/marinedelivers.com\/fr\/","logo":{"@type":"ImageObject","inLanguage":"fr-FR","@id":"https:\/\/marinedelivers.com\/fr\/#\/schema\/logo\/image\/","url":"http:\/\/marinedelivers.com\/wp-content\/uploads\/2023\/07\/cmc-logo.svg","contentUrl":"http:\/\/marinedelivers.com\/wp-content\/uploads\/2023\/07\/cmc-logo.svg","width":1,"height":1,"caption":"Chamber of Marine Commerce"},"image":{"@id":"https:\/\/marinedelivers.com\/fr\/#\/schema\/logo\/image\/"},"sameAs":["https:\/\/www.facebook.com\/MarineDelivers\/","https:\/\/x.com\/marinedelivers"]},{"@type":"Person","@id":"https:\/\/marinedelivers.com\/fr\/#\/schema\/person\/32d56e1d06dc24f04008ed23211a3901","name":"Katie","image":{"@type":"ImageObject","inLanguage":"fr-FR","@id":"https:\/\/secure.gravatar.com\/avatar\/638496ca638254401e2c207b0517a4c1a34cd012253fbb3303df8ad62636c4f6?s=96&d=mm&r=g","url":"https:\/\/secure.gravatar.com\/avatar\/638496ca638254401e2c207b0517a4c1a34cd012253fbb3303df8ad62636c4f6?s=96&d=mm&r=g","contentUrl":"https:\/\/secure.gravatar.com\/avatar\/638496ca638254401e2c207b0517a4c1a34cd012253fbb3303df8ad62636c4f6?s=96&d=mm&r=g","caption":"Katie"},"url":"https:\/\/marinedelivers.com\/fr\/author\/katie\/"}]}},"_links":{"self":[{"href":"https:\/\/marinedelivers.com\/fr\/wp-json\/wp\/v2\/posts\/3458","targetHints":{"allow":["GET"]}}],"collection":[{"href":"https:\/\/marinedelivers.com\/fr\/wp-json\/wp\/v2\/posts"}],"about":[{"href":"https:\/\/marinedelivers.com\/fr\/wp-json\/wp\/v2\/types\/post"}],"author":[{"embeddable":true,"href":"https:\/\/marinedelivers.com\/fr\/wp-json\/wp\/v2\/users\/2"}],"replies":[{"embeddable":true,"href":"https:\/\/marinedelivers.com\/fr\/wp-json\/wp\/v2\/comments?post=3458"}],"version-history":[{"count":0,"href":"https:\/\/marinedelivers.com\/fr\/wp-json\/wp\/v2\/posts\/3458\/revisions"}],"wp:attachment":[{"href":"https:\/\/marinedelivers.com\/fr\/wp-json\/wp\/v2\/media?parent=3458"}],"wp:term":[{"taxonomy":"category","embeddable":true,"href":"https:\/\/marinedelivers.com\/fr\/wp-json\/wp\/v2\/categories?post=3458"},{"taxonomy":"post_tag","embeddable":true,"href":"https:\/\/marinedelivers.com\/fr\/wp-json\/wp\/v2\/tags?post=3458"},{"taxonomy":"news-region","embeddable":true,"href":"https:\/\/marinedelivers.com\/fr\/wp-json\/wp\/v2\/news-region?post=3458"},{"taxonomy":"global-filter","embeddable":true,"href":"https:\/\/marinedelivers.com\/fr\/wp-json\/wp\/v2\/global-filter?post=3458"}],"curies":[{"name":"wp","href":"https:\/\/api.w.org\/{rel}","templated":true}]}}