{"id":3448,"date":"2021-03-22T14:00:26","date_gmt":"2021-03-22T18:00:26","guid":{"rendered":"http:\/\/localhost:10089\/la-voie-maritime-du-saint-laurent-prete-a-accueillir-le-trafic-maritime-et-contribuer-a-la-relance-economique\/"},"modified":"2023-08-31T13:45:18","modified_gmt":"2023-08-31T17:45:18","slug":"la-voie-maritime-du-saint-laurent-prete-a-accueillir-le-trafic-maritime-et-contribuer-a-la-relance-economique","status":"publish","type":"post","link":"https:\/\/marinedelivers.com\/fr\/la-voie-maritime-du-saint-laurent-prete-a-accueillir-le-trafic-maritime-et-contribuer-a-la-relance-economique\/","title":{"rendered":"La Voie Maritime Du Saint-Laurent Pr\u00eate \u00c0 Accueillir Le Trafic Maritime Et Contribuer \u00c0 La Relance \u00c9conomique"},"content":{"rendered":"<div id=\"attachment_4920\" style=\"width: 310px\" class=\"wp-caption alignnone\"><img loading=\"lazy\" decoding=\"async\" aria-describedby=\"caption-attachment-4920\" class=\"size-medium wp-image-4920\" src=\"http:\/\/marinedelivers.com\/wp-content\/uploads\/2023\/08\/2021-opening-stlawrence-seaway-navigation-season-21-scaled.jpg\" alt=\"Baie St. Paul at St. Lambert Lock on the St. Lawrence Seaway\" width=\"300\" height=\"200\" \/><p id=\"caption-attachment-4920\" class=\"wp-caption-text\">The Baie St. Paul at St. Lambert Lock<\/p><\/div>\n<p><strong>Saint-Lambert, 22 mars 2021 \u2013<\/strong>La Corporation de gestion de la voie maritime du Saint-Laurent annonce l\u2019ouverture de la 63<sup>e<\/sup>saison de navigation \u00e0 partir du 22 mars 2021. C\u2019est le Baie-St-Paul, un navire de classe Trillium de l\u2019entreprise canadienne Groupe CSL qui a marqu\u00e9 le d\u00e9but de la saison en franchissant le premier l\u2019\u00e9cluse de Saint-Lambert lors d\u2019une c\u00e9r\u00e9monie d\u2019ouverture virtuelle qui s\u2019est tenue en pr\u00e9sence de plusieurs dignitaires, dont l\u2019honorable Omar Alghabra, ministre des Transports du Canada, et l\u2019honorable Pete Buttigieg, secr\u00e9taire aux Transports des \u00c9tats-Unis.<\/p>\n<p>Gr\u00e2ce \u00e0 sa fiabilit\u00e9 exemplaire, son empreinte \u00e9cologique r\u00e9duite et sa s\u00e9curit\u00e9, la voie maritime est pr\u00eate \u00e0 jouer son r\u00f4le de partenaire des industries et communaut\u00e9s canadiennes et am\u00e9ricaines et ainsi contribuer \u00e0 la reprise \u00e9conomique mondiale.<\/p>\n<p><strong>Un leader de la mobilit\u00e9 maritime au service du commerce nord\u2011am\u00e9ricain et mondial<\/strong><\/p>\n<p>\u00ab\u00a0<em>Depuis plus de 60 ans, la voie maritime du Saint-Laurent est l\u2019un des fondements du succ\u00e8s \u00e9conomique du Canada, gr\u00e2ce \u00e0 la cr\u00e9ation de milliers d\u2019emplois pour la classe moyenne et aux retomb\u00e9es \u00e9conomiques de plus de 9 milliards de dollars dans l\u2019\u00e9conomie canadienne<\/em>, a d\u00e9clar\u00e9 l\u2019honorable Omar Alghabra, ministre des Transports du Canada. <em>Pr\u00e9cieux partenariat, cette route commerciale jouera un r\u00f4le crucial dans nos efforts pour mieux nous reconstruire \u00e0 travers une forte reprise \u00e9conomique<\/em>.\u00a0\u00bb<\/p>\n<p>\u00ab\u00a0<em>La disponibilit\u00e9 du syst\u00e8me de la voie maritime contribue \u00e0 la robustesse et \u00e0 la comp\u00e9titivit\u00e9 du syst\u00e8me de transport maritime sur le Saint\u2011Laurent et les Grands Lacs, <\/em>a d\u00e9clar\u00e9 Terence Bowles, pr\u00e9sident et chef de la direction de la Corporation de gestion de la voie maritime du Saint-Laurent. <em>La voie maritime offre un acc\u00e8s privil\u00e9gi\u00e9 \u00e0 plusieurs industries, ports, voies navigables et liens routiers et ferroviaires.\u00a0\u00bb<\/em><\/p>\n<p>La voie maritime continuera de collaborer avec les transporteurs et les exp\u00e9diteurs nationaux et internationaux afin de maximiser les occasions de diversifier les marchandises transport\u00e9es et ainsi confirmer sa position concurrentielle dans le r\u00e9seau des transports nord\u2011am\u00e9ricain.<\/p>\n<p>\u00ab\u00a0<em>Les \u00e9conomies am\u00e9ricaines et canadiennes reposent notamment sur la navigation commerciale sur le r\u00e9seau des Grands Lacs et du Saint-Laurent<\/em>, a d\u00e9clar\u00e9 Craig H. Middlebrook, administrateur adjoint de la St. Lawrence Seaway Development Corporation des \u00c9tats-Unis. <em>Lorsqu\u2019un bateau traverse les 15 \u00e9cluses de la voie maritime, de Montr\u00e9al au Lac \u00c9ri\u00e9, il franchit la fronti\u00e8re canado-am\u00e9ricaine 27 fois. Le d\u00e9partement am\u00e9ricain des Transports et Transports Canada travaille \u00e9troitement ensemble pour assurer une circulation la plus s\u00e9curitaire et fluide possible.<\/em>\u00a0\u00bb<\/p>\n<p>Pr\u00e8s de 38 millions de tonnes de cargaison ont pu transiter sur la voie maritime du Saint-Laurent en 2020, soit un niveau similaire \u00e0 l\u2019ann\u00e9e pr\u00e9c\u00e9dente. Gr\u00e2ce aux protocoles sanitaires rigoureux mis en place par la voie maritime et les transporteurs d\u00e8s le d\u00e9but de la pand\u00e9mie, il n\u2019y a pas eu d\u2019interruption de service due \u00e0 la COVID-19. Les m\u00eames protocoles sanitaires demeureront en place jusqu\u2019\u00e0 ce que la pand\u00e9mie soit sous contr\u00f4le.<\/p>\n<p><strong>Nourrir le monde et soutenir les industries<\/strong><\/p>\n<p>Les pr\u00e9visions de croissance \u00e9conomique mondiale s\u2019am\u00e9liorent pour l\u2019ann\u00e9e 2021. T\u00f4t dans la saison de navigation, on pr\u00e9voit une forte reprise du transport de c\u00e9r\u00e9ales \u00e0 la suite des r\u00e9coltes exceptionnelles de l\u2019an dernier. L\u2019acier et le minerai de fer sont aussi des marchandises que l\u2019on verra transiter et qui alimentent les industries au pays et \u00e0 l\u2019\u00e9tranger,\u00a0tout comme des \u00e9quipements massifs destin\u00e9s \u00e0 la construction de parcs \u00e9oliens.<\/p>\n<p><strong>Un partenaire r\u00e9silient<\/strong><\/p>\n<p>De plus en plus d\u2019industries se tournent vers le transport maritime, notamment en raison de sa fiabilit\u00e9 et son empreinte carbone la plus faible. Il s\u2019agit de l\u2019option de transport la plus verte, r\u00e9solument tourn\u00e9e vers l\u2019avenir.<\/p>\n<p>Le syst\u00e8me d\u2019amarrage mains libres et la man\u0153uvre des \u00e9cluses \u00e0 distance sont des exemples des innovations mises en place sur la voie maritime qui visent \u00e0 augmenter sa comp\u00e9titivit\u00e9. \u00ab\u00a0<em>En tant que partenaire important de l\u2019industrie maritime, la Corporation est toujours \u00e0 l\u2019aff\u00fbt d\u2019\u00e9l\u00e9ments porteurs d\u2019innovation qui lui permettent de r\u00e9duire l\u2019impact du transport maritime sur l\u2019environnement, d\u2019offrir une exp\u00e9rience client renouvel\u00e9e et d\u2019optimiser son avantage concurrentiel, comme par exemple, le syst\u00e8me d\u2019identification automatique qui suit les navires par satellite et permet de g\u00e9rer les op\u00e9rations \u00e0 distance ainsi que le syst\u00e8me d\u2019information sur le tirant d\u2019eau qui permet aux navires de transporter jusqu\u2019\u00e0 400 tonnes de plus par voyage.\u00a0\u00bb<\/em><\/p>\n<p>Tous les ans, l\u00e0 o\u00f9 on retrouve les bureaux et les installations de la voie maritime, on peut constater des retomb\u00e9es \u00e9conomiques au b\u00e9n\u00e9fice des communaut\u00e9s, par l\u2019emploi direct et par le biais de plusieurs projets de construction qui font appel \u00e0 des entreprises locales. Par ailleurs, citoyens, entreprises et municipalit\u00e9s tirent avantage de la voie maritime, que ce soit \u00e0 des fins r\u00e9cr\u00e9atives, d\u2019approvisionnement en eau, de production d\u2019hydro\u00e9lectricit\u00e9 et de gestion des risques d\u2019inondations.<\/p>\n<p><strong>\u00c0 propos de la Corporation de gestion de la voie maritime du Saint-Laurent <\/strong><\/p>\n<p>La Corporation de gestion de la voie maritime du Saint-Laurent a \u00e9t\u00e9 cr\u00e9\u00e9e en 1998 \u00e0 titre de soci\u00e9t\u00e9 sans but lucratif par le gouvernement du Canada, par les utilisateurs de la voie maritime et par d\u2019autres intervenants cl\u00e9s. En vertu de la <em>Loi maritime du Canada<\/em>, la Corporation g\u00e8re et exploite les installations canadiennes de la voie maritime du Saint-Laurent, qui demeurent la propri\u00e9t\u00e9 du gouvernement du Canada dans le cadre d\u2019une entente \u00e0 long terme avec Transports Canada. Pour plus d\u2019information\u00a0: <a href=\"https:\/\/grandslacs-voiemaritime.com\/fr\/la-voie-maritime\/\">grandslacs-voiemaritime.com\/fr<\/a>.<\/p>\n<p>\u2013 30 \u2013<\/p>\n<table>\n<tbody>\n<tr>\n<td width=\"216\"><strong>Pour renseignements\u00a0ou pour obtenir des photos ou des vid\u00e9os\u00a0:<\/strong><\/p>\n<p><strong>\u00a0<\/strong><\/td>\n<td width=\"216\">Rose-Marie M\u00e9nard<\/p>\n<p>Zone franche<\/p>\n<p>rmmenard@zonefranche.ca<\/p>\n<p>514 970-2544<\/td>\n<\/tr>\n<\/tbody>\n<\/table>\n<p>\u00a0<\/p>\n","protected":false},"excerpt":{"rendered":"<p>Saint-Lambert, 22 mars 2021 \u2013La Corporation de gestion de la&#8230;<\/p>\n","protected":false},"author":2,"featured_media":3308,"comment_status":"closed","ping_status":"closed","sticky":false,"template":"","format":"standard","meta":{"_acf_changed":false,"footnotes":""},"categories":[2],"tags":[],"news-region":[87],"global-filter":[],"class_list":["post-3448","post","type-post","status-publish","format-standard","has-post-thumbnail","hentry","category-media-release","news-region-canadian-media"],"acf":[],"yoast_head":"<!-- This site is optimized with the Yoast SEO plugin v27.3 - https:\/\/yoast.com\/product\/yoast-seo-wordpress\/ -->\n<title>La Voie Maritime Du Saint-Laurent Pr\u00eate \u00c0 Accueillir Le Trafic Maritime Et Contribuer \u00c0 La Relance \u00c9conomique - Chambre de Commerce Maritime<\/title>\n<meta name=\"robots\" content=\"index, follow, max-snippet:-1, max-image-preview:large, max-video-preview:-1\" \/>\n<link rel=\"canonical\" href=\"https:\/\/marinedelivers.com\/fr\/la-voie-maritime-du-saint-laurent-prete-a-accueillir-le-trafic-maritime-et-contribuer-a-la-relance-economique\/\" \/>\n<meta property=\"og:locale\" content=\"fr_FR\" \/>\n<meta property=\"og:type\" content=\"article\" \/>\n<meta property=\"og:title\" content=\"La Voie Maritime Du Saint-Laurent Pr\u00eate \u00c0 Accueillir Le Trafic Maritime Et Contribuer \u00c0 La Relance \u00c9conomique - Chambre de Commerce Maritime\" \/>\n<meta property=\"og:description\" content=\"Saint-Lambert, 22 mars 2021 \u2013La Corporation de gestion de la...\" \/>\n<meta property=\"og:url\" content=\"https:\/\/marinedelivers.com\/fr\/la-voie-maritime-du-saint-laurent-prete-a-accueillir-le-trafic-maritime-et-contribuer-a-la-relance-economique\/\" \/>\n<meta property=\"og:site_name\" content=\"Chambre de Commerce Maritime\" \/>\n<meta property=\"article:publisher\" content=\"https:\/\/www.facebook.com\/MarineDelivers\/\" \/>\n<meta property=\"article:published_time\" content=\"2021-03-22T18:00:26+00:00\" \/>\n<meta property=\"article:modified_time\" content=\"2023-08-31T17:45:18+00:00\" \/>\n<meta property=\"og:image\" content=\"https:\/\/marinedelivers.com\/wp-content\/uploads\/2023\/08\/2021-opening-stlawrence-seaway-navigation-season-21-scaled.jpg\" \/>\n\t<meta property=\"og:image:width\" content=\"2560\" \/>\n\t<meta property=\"og:image:height\" content=\"1707\" \/>\n\t<meta property=\"og:image:type\" content=\"image\/jpeg\" \/>\n<meta name=\"author\" content=\"Katie\" \/>\n<meta name=\"twitter:card\" content=\"summary_large_image\" \/>\n<meta name=\"twitter:creator\" content=\"@marinedelivers\" \/>\n<meta name=\"twitter:site\" content=\"@marinedelivers\" \/>\n<meta name=\"twitter:label1\" content=\"\u00c9crit par\" \/>\n\t<meta name=\"twitter:data1\" content=\"Katie\" \/>\n\t<meta name=\"twitter:label2\" content=\"Dur\u00e9e de lecture estim\u00e9e\" \/>\n\t<meta name=\"twitter:data2\" content=\"5 minutes\" \/>\n<script type=\"application\/ld+json\" class=\"yoast-schema-graph\">{\"@context\":\"https:\\\/\\\/schema.org\",\"@graph\":[{\"@type\":\"Article\",\"@id\":\"https:\\\/\\\/marinedelivers.com\\\/fr\\\/la-voie-maritime-du-saint-laurent-prete-a-accueillir-le-trafic-maritime-et-contribuer-a-la-relance-economique\\\/#article\",\"isPartOf\":{\"@id\":\"https:\\\/\\\/marinedelivers.com\\\/fr\\\/la-voie-maritime-du-saint-laurent-prete-a-accueillir-le-trafic-maritime-et-contribuer-a-la-relance-economique\\\/\"},\"author\":{\"name\":\"Katie\",\"@id\":\"https:\\\/\\\/marinedelivers.com\\\/fr\\\/#\\\/schema\\\/person\\\/32d56e1d06dc24f04008ed23211a3901\"},\"headline\":\"La Voie Maritime Du Saint-Laurent Pr\u00eate \u00c0 Accueillir Le Trafic Maritime Et Contribuer \u00c0 La Relance \u00c9conomique\",\"datePublished\":\"2021-03-22T18:00:26+00:00\",\"dateModified\":\"2023-08-31T17:45:18+00:00\",\"mainEntityOfPage\":{\"@id\":\"https:\\\/\\\/marinedelivers.com\\\/fr\\\/la-voie-maritime-du-saint-laurent-prete-a-accueillir-le-trafic-maritime-et-contribuer-a-la-relance-economique\\\/\"},\"wordCount\":1025,\"publisher\":{\"@id\":\"https:\\\/\\\/marinedelivers.com\\\/fr\\\/#organization\"},\"image\":{\"@id\":\"https:\\\/\\\/marinedelivers.com\\\/fr\\\/la-voie-maritime-du-saint-laurent-prete-a-accueillir-le-trafic-maritime-et-contribuer-a-la-relance-economique\\\/#primaryimage\"},\"thumbnailUrl\":\"https:\\\/\\\/marinedelivers.com\\\/wp-content\\\/uploads\\\/2023\\\/08\\\/2021-opening-stlawrence-seaway-navigation-season-21-scaled.jpg\",\"articleSection\":[\"Media Release\"],\"inLanguage\":\"fr-FR\"},{\"@type\":\"WebPage\",\"@id\":\"https:\\\/\\\/marinedelivers.com\\\/fr\\\/la-voie-maritime-du-saint-laurent-prete-a-accueillir-le-trafic-maritime-et-contribuer-a-la-relance-economique\\\/\",\"url\":\"https:\\\/\\\/marinedelivers.com\\\/fr\\\/la-voie-maritime-du-saint-laurent-prete-a-accueillir-le-trafic-maritime-et-contribuer-a-la-relance-economique\\\/\",\"name\":\"La Voie Maritime Du Saint-Laurent Pr\u00eate \u00c0 Accueillir Le Trafic Maritime Et Contribuer \u00c0 La Relance \u00c9conomique - Chambre de Commerce Maritime\",\"isPartOf\":{\"@id\":\"https:\\\/\\\/marinedelivers.com\\\/fr\\\/#website\"},\"primaryImageOfPage\":{\"@id\":\"https:\\\/\\\/marinedelivers.com\\\/fr\\\/la-voie-maritime-du-saint-laurent-prete-a-accueillir-le-trafic-maritime-et-contribuer-a-la-relance-economique\\\/#primaryimage\"},\"image\":{\"@id\":\"https:\\\/\\\/marinedelivers.com\\\/fr\\\/la-voie-maritime-du-saint-laurent-prete-a-accueillir-le-trafic-maritime-et-contribuer-a-la-relance-economique\\\/#primaryimage\"},\"thumbnailUrl\":\"https:\\\/\\\/marinedelivers.com\\\/wp-content\\\/uploads\\\/2023\\\/08\\\/2021-opening-stlawrence-seaway-navigation-season-21-scaled.jpg\",\"datePublished\":\"2021-03-22T18:00:26+00:00\",\"dateModified\":\"2023-08-31T17:45:18+00:00\",\"breadcrumb\":{\"@id\":\"https:\\\/\\\/marinedelivers.com\\\/fr\\\/la-voie-maritime-du-saint-laurent-prete-a-accueillir-le-trafic-maritime-et-contribuer-a-la-relance-economique\\\/#breadcrumb\"},\"inLanguage\":\"fr-FR\",\"potentialAction\":[{\"@type\":\"ReadAction\",\"target\":[\"https:\\\/\\\/marinedelivers.com\\\/fr\\\/la-voie-maritime-du-saint-laurent-prete-a-accueillir-le-trafic-maritime-et-contribuer-a-la-relance-economique\\\/\"]}]},{\"@type\":\"ImageObject\",\"inLanguage\":\"fr-FR\",\"@id\":\"https:\\\/\\\/marinedelivers.com\\\/fr\\\/la-voie-maritime-du-saint-laurent-prete-a-accueillir-le-trafic-maritime-et-contribuer-a-la-relance-economique\\\/#primaryimage\",\"url\":\"https:\\\/\\\/marinedelivers.com\\\/wp-content\\\/uploads\\\/2023\\\/08\\\/2021-opening-stlawrence-seaway-navigation-season-21-scaled.jpg\",\"contentUrl\":\"https:\\\/\\\/marinedelivers.com\\\/wp-content\\\/uploads\\\/2023\\\/08\\\/2021-opening-stlawrence-seaway-navigation-season-21-scaled.jpg\",\"width\":2560,\"height\":1707},{\"@type\":\"BreadcrumbList\",\"@id\":\"https:\\\/\\\/marinedelivers.com\\\/fr\\\/la-voie-maritime-du-saint-laurent-prete-a-accueillir-le-trafic-maritime-et-contribuer-a-la-relance-economique\\\/#breadcrumb\",\"itemListElement\":[{\"@type\":\"ListItem\",\"position\":1,\"name\":\"Home\",\"item\":\"https:\\\/\\\/marinedelivers.com\\\/fr\\\/\"},{\"@type\":\"ListItem\",\"position\":2,\"name\":\"La Voie Maritime Du Saint-Laurent Pr\u00eate \u00c0 Accueillir Le Trafic Maritime Et Contribuer \u00c0 La Relance \u00c9conomique\"}]},{\"@type\":\"WebSite\",\"@id\":\"https:\\\/\\\/marinedelivers.com\\\/fr\\\/#website\",\"url\":\"https:\\\/\\\/marinedelivers.com\\\/fr\\\/\",\"name\":\"Chambre de Commerce Maritime\",\"description\":\"Marine delivers our exports to the world\",\"publisher\":{\"@id\":\"https:\\\/\\\/marinedelivers.com\\\/fr\\\/#organization\"},\"potentialAction\":[{\"@type\":\"SearchAction\",\"target\":{\"@type\":\"EntryPoint\",\"urlTemplate\":\"https:\\\/\\\/marinedelivers.com\\\/fr\\\/?s={search_term_string}\"},\"query-input\":{\"@type\":\"PropertyValueSpecification\",\"valueRequired\":true,\"valueName\":\"search_term_string\"}}],\"inLanguage\":\"fr-FR\"},{\"@type\":\"Organization\",\"@id\":\"https:\\\/\\\/marinedelivers.com\\\/fr\\\/#organization\",\"name\":\"Chamber of Marine Commerce\",\"url\":\"https:\\\/\\\/marinedelivers.com\\\/fr\\\/\",\"logo\":{\"@type\":\"ImageObject\",\"inLanguage\":\"fr-FR\",\"@id\":\"https:\\\/\\\/marinedelivers.com\\\/fr\\\/#\\\/schema\\\/logo\\\/image\\\/\",\"url\":\"http:\\\/\\\/marinedelivers.com\\\/wp-content\\\/uploads\\\/2023\\\/07\\\/cmc-logo.svg\",\"contentUrl\":\"http:\\\/\\\/marinedelivers.com\\\/wp-content\\\/uploads\\\/2023\\\/07\\\/cmc-logo.svg\",\"width\":1,\"height\":1,\"caption\":\"Chamber of Marine Commerce\"},\"image\":{\"@id\":\"https:\\\/\\\/marinedelivers.com\\\/fr\\\/#\\\/schema\\\/logo\\\/image\\\/\"},\"sameAs\":[\"https:\\\/\\\/www.facebook.com\\\/MarineDelivers\\\/\",\"https:\\\/\\\/x.com\\\/marinedelivers\"]},{\"@type\":\"Person\",\"@id\":\"https:\\\/\\\/marinedelivers.com\\\/fr\\\/#\\\/schema\\\/person\\\/32d56e1d06dc24f04008ed23211a3901\",\"name\":\"Katie\",\"image\":{\"@type\":\"ImageObject\",\"inLanguage\":\"fr-FR\",\"@id\":\"https:\\\/\\\/secure.gravatar.com\\\/avatar\\\/638496ca638254401e2c207b0517a4c1a34cd012253fbb3303df8ad62636c4f6?s=96&d=mm&r=g\",\"url\":\"https:\\\/\\\/secure.gravatar.com\\\/avatar\\\/638496ca638254401e2c207b0517a4c1a34cd012253fbb3303df8ad62636c4f6?s=96&d=mm&r=g\",\"contentUrl\":\"https:\\\/\\\/secure.gravatar.com\\\/avatar\\\/638496ca638254401e2c207b0517a4c1a34cd012253fbb3303df8ad62636c4f6?s=96&d=mm&r=g\",\"caption\":\"Katie\"},\"url\":\"https:\\\/\\\/marinedelivers.com\\\/fr\\\/author\\\/katie\\\/\"}]}<\/script>\n<!-- \/ Yoast SEO plugin. -->","yoast_head_json":{"title":"La Voie Maritime Du Saint-Laurent Pr\u00eate \u00c0 Accueillir Le Trafic Maritime Et Contribuer \u00c0 La Relance \u00c9conomique - Chambre de Commerce Maritime","robots":{"index":"index","follow":"follow","max-snippet":"max-snippet:-1","max-image-preview":"max-image-preview:large","max-video-preview":"max-video-preview:-1"},"canonical":"https:\/\/marinedelivers.com\/fr\/la-voie-maritime-du-saint-laurent-prete-a-accueillir-le-trafic-maritime-et-contribuer-a-la-relance-economique\/","og_locale":"fr_FR","og_type":"article","og_title":"La Voie Maritime Du Saint-Laurent Pr\u00eate \u00c0 Accueillir Le Trafic Maritime Et Contribuer \u00c0 La Relance \u00c9conomique - Chambre de Commerce Maritime","og_description":"Saint-Lambert, 22 mars 2021 \u2013La Corporation de gestion de la...","og_url":"https:\/\/marinedelivers.com\/fr\/la-voie-maritime-du-saint-laurent-prete-a-accueillir-le-trafic-maritime-et-contribuer-a-la-relance-economique\/","og_site_name":"Chambre de Commerce Maritime","article_publisher":"https:\/\/www.facebook.com\/MarineDelivers\/","article_published_time":"2021-03-22T18:00:26+00:00","article_modified_time":"2023-08-31T17:45:18+00:00","og_image":[{"width":2560,"height":1707,"url":"https:\/\/marinedelivers.com\/wp-content\/uploads\/2023\/08\/2021-opening-stlawrence-seaway-navigation-season-21-scaled.jpg","type":"image\/jpeg"}],"author":"Katie","twitter_card":"summary_large_image","twitter_creator":"@marinedelivers","twitter_site":"@marinedelivers","twitter_misc":{"\u00c9crit par":"Katie","Dur\u00e9e de lecture estim\u00e9e":"5 minutes"},"schema":{"@context":"https:\/\/schema.org","@graph":[{"@type":"Article","@id":"https:\/\/marinedelivers.com\/fr\/la-voie-maritime-du-saint-laurent-prete-a-accueillir-le-trafic-maritime-et-contribuer-a-la-relance-economique\/#article","isPartOf":{"@id":"https:\/\/marinedelivers.com\/fr\/la-voie-maritime-du-saint-laurent-prete-a-accueillir-le-trafic-maritime-et-contribuer-a-la-relance-economique\/"},"author":{"name":"Katie","@id":"https:\/\/marinedelivers.com\/fr\/#\/schema\/person\/32d56e1d06dc24f04008ed23211a3901"},"headline":"La Voie Maritime Du Saint-Laurent Pr\u00eate \u00c0 Accueillir Le Trafic Maritime Et Contribuer \u00c0 La Relance \u00c9conomique","datePublished":"2021-03-22T18:00:26+00:00","dateModified":"2023-08-31T17:45:18+00:00","mainEntityOfPage":{"@id":"https:\/\/marinedelivers.com\/fr\/la-voie-maritime-du-saint-laurent-prete-a-accueillir-le-trafic-maritime-et-contribuer-a-la-relance-economique\/"},"wordCount":1025,"publisher":{"@id":"https:\/\/marinedelivers.com\/fr\/#organization"},"image":{"@id":"https:\/\/marinedelivers.com\/fr\/la-voie-maritime-du-saint-laurent-prete-a-accueillir-le-trafic-maritime-et-contribuer-a-la-relance-economique\/#primaryimage"},"thumbnailUrl":"https:\/\/marinedelivers.com\/wp-content\/uploads\/2023\/08\/2021-opening-stlawrence-seaway-navigation-season-21-scaled.jpg","articleSection":["Media Release"],"inLanguage":"fr-FR"},{"@type":"WebPage","@id":"https:\/\/marinedelivers.com\/fr\/la-voie-maritime-du-saint-laurent-prete-a-accueillir-le-trafic-maritime-et-contribuer-a-la-relance-economique\/","url":"https:\/\/marinedelivers.com\/fr\/la-voie-maritime-du-saint-laurent-prete-a-accueillir-le-trafic-maritime-et-contribuer-a-la-relance-economique\/","name":"La Voie Maritime Du Saint-Laurent Pr\u00eate \u00c0 Accueillir Le Trafic Maritime Et Contribuer \u00c0 La Relance \u00c9conomique - Chambre de Commerce Maritime","isPartOf":{"@id":"https:\/\/marinedelivers.com\/fr\/#website"},"primaryImageOfPage":{"@id":"https:\/\/marinedelivers.com\/fr\/la-voie-maritime-du-saint-laurent-prete-a-accueillir-le-trafic-maritime-et-contribuer-a-la-relance-economique\/#primaryimage"},"image":{"@id":"https:\/\/marinedelivers.com\/fr\/la-voie-maritime-du-saint-laurent-prete-a-accueillir-le-trafic-maritime-et-contribuer-a-la-relance-economique\/#primaryimage"},"thumbnailUrl":"https:\/\/marinedelivers.com\/wp-content\/uploads\/2023\/08\/2021-opening-stlawrence-seaway-navigation-season-21-scaled.jpg","datePublished":"2021-03-22T18:00:26+00:00","dateModified":"2023-08-31T17:45:18+00:00","breadcrumb":{"@id":"https:\/\/marinedelivers.com\/fr\/la-voie-maritime-du-saint-laurent-prete-a-accueillir-le-trafic-maritime-et-contribuer-a-la-relance-economique\/#breadcrumb"},"inLanguage":"fr-FR","potentialAction":[{"@type":"ReadAction","target":["https:\/\/marinedelivers.com\/fr\/la-voie-maritime-du-saint-laurent-prete-a-accueillir-le-trafic-maritime-et-contribuer-a-la-relance-economique\/"]}]},{"@type":"ImageObject","inLanguage":"fr-FR","@id":"https:\/\/marinedelivers.com\/fr\/la-voie-maritime-du-saint-laurent-prete-a-accueillir-le-trafic-maritime-et-contribuer-a-la-relance-economique\/#primaryimage","url":"https:\/\/marinedelivers.com\/wp-content\/uploads\/2023\/08\/2021-opening-stlawrence-seaway-navigation-season-21-scaled.jpg","contentUrl":"https:\/\/marinedelivers.com\/wp-content\/uploads\/2023\/08\/2021-opening-stlawrence-seaway-navigation-season-21-scaled.jpg","width":2560,"height":1707},{"@type":"BreadcrumbList","@id":"https:\/\/marinedelivers.com\/fr\/la-voie-maritime-du-saint-laurent-prete-a-accueillir-le-trafic-maritime-et-contribuer-a-la-relance-economique\/#breadcrumb","itemListElement":[{"@type":"ListItem","position":1,"name":"Home","item":"https:\/\/marinedelivers.com\/fr\/"},{"@type":"ListItem","position":2,"name":"La Voie Maritime Du Saint-Laurent Pr\u00eate \u00c0 Accueillir Le Trafic Maritime Et Contribuer \u00c0 La Relance \u00c9conomique"}]},{"@type":"WebSite","@id":"https:\/\/marinedelivers.com\/fr\/#website","url":"https:\/\/marinedelivers.com\/fr\/","name":"Chambre de Commerce Maritime","description":"Marine delivers our exports to the world","publisher":{"@id":"https:\/\/marinedelivers.com\/fr\/#organization"},"potentialAction":[{"@type":"SearchAction","target":{"@type":"EntryPoint","urlTemplate":"https:\/\/marinedelivers.com\/fr\/?s={search_term_string}"},"query-input":{"@type":"PropertyValueSpecification","valueRequired":true,"valueName":"search_term_string"}}],"inLanguage":"fr-FR"},{"@type":"Organization","@id":"https:\/\/marinedelivers.com\/fr\/#organization","name":"Chamber of Marine Commerce","url":"https:\/\/marinedelivers.com\/fr\/","logo":{"@type":"ImageObject","inLanguage":"fr-FR","@id":"https:\/\/marinedelivers.com\/fr\/#\/schema\/logo\/image\/","url":"http:\/\/marinedelivers.com\/wp-content\/uploads\/2023\/07\/cmc-logo.svg","contentUrl":"http:\/\/marinedelivers.com\/wp-content\/uploads\/2023\/07\/cmc-logo.svg","width":1,"height":1,"caption":"Chamber of Marine Commerce"},"image":{"@id":"https:\/\/marinedelivers.com\/fr\/#\/schema\/logo\/image\/"},"sameAs":["https:\/\/www.facebook.com\/MarineDelivers\/","https:\/\/x.com\/marinedelivers"]},{"@type":"Person","@id":"https:\/\/marinedelivers.com\/fr\/#\/schema\/person\/32d56e1d06dc24f04008ed23211a3901","name":"Katie","image":{"@type":"ImageObject","inLanguage":"fr-FR","@id":"https:\/\/secure.gravatar.com\/avatar\/638496ca638254401e2c207b0517a4c1a34cd012253fbb3303df8ad62636c4f6?s=96&d=mm&r=g","url":"https:\/\/secure.gravatar.com\/avatar\/638496ca638254401e2c207b0517a4c1a34cd012253fbb3303df8ad62636c4f6?s=96&d=mm&r=g","contentUrl":"https:\/\/secure.gravatar.com\/avatar\/638496ca638254401e2c207b0517a4c1a34cd012253fbb3303df8ad62636c4f6?s=96&d=mm&r=g","caption":"Katie"},"url":"https:\/\/marinedelivers.com\/fr\/author\/katie\/"}]}},"_links":{"self":[{"href":"https:\/\/marinedelivers.com\/fr\/wp-json\/wp\/v2\/posts\/3448","targetHints":{"allow":["GET"]}}],"collection":[{"href":"https:\/\/marinedelivers.com\/fr\/wp-json\/wp\/v2\/posts"}],"about":[{"href":"https:\/\/marinedelivers.com\/fr\/wp-json\/wp\/v2\/types\/post"}],"author":[{"embeddable":true,"href":"https:\/\/marinedelivers.com\/fr\/wp-json\/wp\/v2\/users\/2"}],"replies":[{"embeddable":true,"href":"https:\/\/marinedelivers.com\/fr\/wp-json\/wp\/v2\/comments?post=3448"}],"version-history":[{"count":0,"href":"https:\/\/marinedelivers.com\/fr\/wp-json\/wp\/v2\/posts\/3448\/revisions"}],"wp:featuredmedia":[{"embeddable":true,"href":"https:\/\/marinedelivers.com\/fr\/wp-json\/wp\/v2\/media\/3308"}],"wp:attachment":[{"href":"https:\/\/marinedelivers.com\/fr\/wp-json\/wp\/v2\/media?parent=3448"}],"wp:term":[{"taxonomy":"category","embeddable":true,"href":"https:\/\/marinedelivers.com\/fr\/wp-json\/wp\/v2\/categories?post=3448"},{"taxonomy":"post_tag","embeddable":true,"href":"https:\/\/marinedelivers.com\/fr\/wp-json\/wp\/v2\/tags?post=3448"},{"taxonomy":"news-region","embeddable":true,"href":"https:\/\/marinedelivers.com\/fr\/wp-json\/wp\/v2\/news-region?post=3448"},{"taxonomy":"global-filter","embeddable":true,"href":"https:\/\/marinedelivers.com\/fr\/wp-json\/wp\/v2\/global-filter?post=3448"}],"curies":[{"name":"wp","href":"https:\/\/api.w.org\/{rel}","templated":true}]}}