{"id":3446,"date":"2021-01-12T20:58:57","date_gmt":"2021-01-13T01:58:57","guid":{"rendered":"http:\/\/localhost:10089\/la-ccm-souhaite-la-bienvenue-au-nouveau-ministre-des-transports\/"},"modified":"2023-08-31T13:45:16","modified_gmt":"2023-08-31T17:45:16","slug":"la-ccm-souhaite-la-bienvenue-au-nouveau-ministre-des-transports","status":"publish","type":"post","link":"https:\/\/marinedelivers.com\/fr\/la-ccm-souhaite-la-bienvenue-au-nouveau-ministre-des-transports\/","title":{"rendered":"La CCM souhaite la bienvenue au nouveau ministre des Transports"},"content":{"rendered":"<p>Le 13 janvier 2021 \u2013 La Chambre de commerce maritime, qui repr\u00e9sente la flotte \u2018locale\u2019 de navigation, ses principaux intervenants dans le domaine du transport maritime, les ports et les fournisseurs, aimerait souhaiter la bienvenue \u00e0 Omar Alghabra \u00e0 titre de nouveau ministre f\u00e9d\u00e9ral des Transports.<\/p>\n<p>Bruce Burrows, pr\u00e9sident-directeur g\u00e9n\u00e9ral de la Chambre de commerce maritime, a d\u00e9clar\u00e9\u00a0: \u00ab\u00a0L\u2019industrie est ravie \u00e0 l\u2019id\u00e9e de collaborer avec M. Alghabra au programme vert du secteur maritime tout en s\u2019effor\u00e7ant d\u2019atteindre les objectifs du pays dans le domaine des \u00e9changes commerciaux gr\u00e2ce \u00e0 l\u2019importante porte d\u2019entr\u00e9e qui relie les Grands Lacs et le Saint-Laurent.\u00a0\u00bb<\/p>\n<p>Notre intention consiste \u00e0 promouvoir notre <em>Plan de reprise de l&rsquo;\u00e9conomie maritime\u00a0<\/em>et \u00e0 collaborer \u00e9troitement avec le ministre et son \u00e9quipe \u00e0 la r\u00e9alisation des priorit\u00e9s politiques. Nous d\u00e9sirons \u00e9galement relever les d\u00e9fis qui nous attendent sur le plan de la r\u00e9glementation, en particulier en ce qui a trait \u00e0 la gestion de l&rsquo;eau de ballast, au pilotage et \u00e0 la gouvernance des questions li\u00e9es au niveau \u00e9lev\u00e9 des eaux sur la Voie maritime du Saint-Laurent.\u00a0\u00bb<\/p>\n<p>###<\/p>\n<p>Apprenez-en davantage sur la position de la Chambre en ce qui concerne\u00a0:<\/p>\n<p><a href=\"http:\/\/www.localhost:10089\/fr\/transport-maritime-paver-la-voie-a-la-reprise-economique-du-canada\/\">Le plan de reprise \u00e9conomique dans le domaine du transport maritime<\/a><\/p>\n<p><a href=\"http:\/\/www.localhost:10089\/fr\/leau-de-ballast\/\">La gestion des eaux de ballast<\/a><\/p>\n<div><a href=\"http:\/\/www.localhost:10089\/fr\/niveaux-deau-eleves\/\"><span lang=\"FR-CA\">Les niveaux d\u2019eau \u00e9lev\u00e9s\u00a0<\/span><\/a><\/div>\n<div><\/div>\n<div>\n<p><strong>Flickr &#8211; <\/strong>T\u00e9l\u00e9chargez les photos des Grands Lacs et de la voie maritime du Saint-Laurent\u00a0:<\/p>\n<p><a href=\"https:\/\/www.flickr.com\/photos\/marinecommerce\/albums\/72157657049769546\">https:\/\/www.flickr.com\/photos\/marinecommerce\/albums\/72157657049769546<\/a><\/p>\n<p>\u00a0<\/p>\n<p><strong>Au sujet de la <\/strong><a href=\"http:\/\/www.localhost:10089\/fr\"><strong>Chambre de commerce maritime<\/strong><\/a><\/p>\n<p>La Chambre de commerce maritime est une association binationale qui repr\u00e9sente au-del\u00e0 de 100 intervenants de l\u2019industrie maritime, incluant des exp\u00e9diteurs canadiens et am\u00e9ricains d\u2019importance, des ports, des terminaux, ainsi que des fournisseurs de services maritimes et des propri\u00e9taires de navires canadiens et \u00e9trangers. La Chambre d\u00e9fend une politique et une r\u00e9glementation s\u00e9curitaires, durables, harmonis\u00e9es et concurrentielles qui reconnaissent les avantages consid\u00e9rables du syst\u00e8me de transport maritime sur les Grands Lacs, sur le Saint-Laurent, ainsi que dans les r\u00e9gions c\u00f4ti\u00e8res et arctiques.<\/p>\n<\/div>\n<div><\/div>\n","protected":false},"excerpt":{"rendered":"<p>Le 13 janvier 2021 \u2013 La Chambre de commerce maritime,&#8230;<\/p>\n","protected":false},"author":2,"featured_media":0,"comment_status":"closed","ping_status":"closed","sticky":false,"template":"","format":"standard","meta":{"_acf_changed":false,"footnotes":""},"categories":[2],"tags":[],"news-region":[87],"global-filter":[],"class_list":["post-3446","post","type-post","status-publish","format-standard","hentry","category-media-release","news-region-canadian-media"],"acf":[],"yoast_head":"<!-- This site is optimized with the Yoast SEO plugin v27.3 - https:\/\/yoast.com\/product\/yoast-seo-wordpress\/ -->\n<title>La CCM souhaite la bienvenue au nouveau ministre des Transports - Chambre de Commerce Maritime<\/title>\n<meta name=\"robots\" content=\"index, follow, max-snippet:-1, max-image-preview:large, max-video-preview:-1\" \/>\n<link rel=\"canonical\" href=\"https:\/\/marinedelivers.com\/fr\/la-ccm-souhaite-la-bienvenue-au-nouveau-ministre-des-transports\/\" \/>\n<meta property=\"og:locale\" content=\"fr_FR\" \/>\n<meta property=\"og:type\" content=\"article\" \/>\n<meta property=\"og:title\" content=\"La CCM souhaite la bienvenue au nouveau ministre des Transports - Chambre de Commerce Maritime\" \/>\n<meta property=\"og:description\" content=\"Le 13 janvier 2021 \u2013 La Chambre de commerce maritime,...\" \/>\n<meta property=\"og:url\" content=\"https:\/\/marinedelivers.com\/fr\/la-ccm-souhaite-la-bienvenue-au-nouveau-ministre-des-transports\/\" \/>\n<meta property=\"og:site_name\" content=\"Chambre de Commerce Maritime\" \/>\n<meta property=\"article:publisher\" content=\"https:\/\/www.facebook.com\/MarineDelivers\/\" \/>\n<meta property=\"article:published_time\" content=\"2021-01-13T01:58:57+00:00\" \/>\n<meta property=\"article:modified_time\" content=\"2023-08-31T17:45:16+00:00\" \/>\n<meta name=\"author\" content=\"Katie\" \/>\n<meta name=\"twitter:card\" content=\"summary_large_image\" \/>\n<meta name=\"twitter:creator\" content=\"@marinedelivers\" \/>\n<meta name=\"twitter:site\" content=\"@marinedelivers\" \/>\n<meta name=\"twitter:label1\" content=\"\u00c9crit par\" \/>\n\t<meta name=\"twitter:data1\" content=\"Katie\" \/>\n\t<meta name=\"twitter:label2\" content=\"Dur\u00e9e de lecture estim\u00e9e\" \/>\n\t<meta name=\"twitter:data2\" content=\"2 minutes\" \/>\n<script type=\"application\/ld+json\" class=\"yoast-schema-graph\">{\"@context\":\"https:\\\/\\\/schema.org\",\"@graph\":[{\"@type\":\"Article\",\"@id\":\"https:\\\/\\\/marinedelivers.com\\\/fr\\\/la-ccm-souhaite-la-bienvenue-au-nouveau-ministre-des-transports\\\/#article\",\"isPartOf\":{\"@id\":\"https:\\\/\\\/marinedelivers.com\\\/fr\\\/la-ccm-souhaite-la-bienvenue-au-nouveau-ministre-des-transports\\\/\"},\"author\":{\"name\":\"Katie\",\"@id\":\"https:\\\/\\\/marinedelivers.com\\\/fr\\\/#\\\/schema\\\/person\\\/32d56e1d06dc24f04008ed23211a3901\"},\"headline\":\"La CCM souhaite la bienvenue au nouveau ministre des Transports\",\"datePublished\":\"2021-01-13T01:58:57+00:00\",\"dateModified\":\"2023-08-31T17:45:16+00:00\",\"mainEntityOfPage\":{\"@id\":\"https:\\\/\\\/marinedelivers.com\\\/fr\\\/la-ccm-souhaite-la-bienvenue-au-nouveau-ministre-des-transports\\\/\"},\"wordCount\":364,\"publisher\":{\"@id\":\"https:\\\/\\\/marinedelivers.com\\\/fr\\\/#organization\"},\"articleSection\":[\"Media Release\"],\"inLanguage\":\"fr-FR\"},{\"@type\":\"WebPage\",\"@id\":\"https:\\\/\\\/marinedelivers.com\\\/fr\\\/la-ccm-souhaite-la-bienvenue-au-nouveau-ministre-des-transports\\\/\",\"url\":\"https:\\\/\\\/marinedelivers.com\\\/fr\\\/la-ccm-souhaite-la-bienvenue-au-nouveau-ministre-des-transports\\\/\",\"name\":\"La CCM souhaite la bienvenue au nouveau ministre des Transports - Chambre de Commerce Maritime\",\"isPartOf\":{\"@id\":\"https:\\\/\\\/marinedelivers.com\\\/fr\\\/#website\"},\"datePublished\":\"2021-01-13T01:58:57+00:00\",\"dateModified\":\"2023-08-31T17:45:16+00:00\",\"breadcrumb\":{\"@id\":\"https:\\\/\\\/marinedelivers.com\\\/fr\\\/la-ccm-souhaite-la-bienvenue-au-nouveau-ministre-des-transports\\\/#breadcrumb\"},\"inLanguage\":\"fr-FR\",\"potentialAction\":[{\"@type\":\"ReadAction\",\"target\":[\"https:\\\/\\\/marinedelivers.com\\\/fr\\\/la-ccm-souhaite-la-bienvenue-au-nouveau-ministre-des-transports\\\/\"]}]},{\"@type\":\"BreadcrumbList\",\"@id\":\"https:\\\/\\\/marinedelivers.com\\\/fr\\\/la-ccm-souhaite-la-bienvenue-au-nouveau-ministre-des-transports\\\/#breadcrumb\",\"itemListElement\":[{\"@type\":\"ListItem\",\"position\":1,\"name\":\"Home\",\"item\":\"https:\\\/\\\/marinedelivers.com\\\/fr\\\/\"},{\"@type\":\"ListItem\",\"position\":2,\"name\":\"La CCM souhaite la bienvenue au nouveau ministre des Transports\"}]},{\"@type\":\"WebSite\",\"@id\":\"https:\\\/\\\/marinedelivers.com\\\/fr\\\/#website\",\"url\":\"https:\\\/\\\/marinedelivers.com\\\/fr\\\/\",\"name\":\"Chambre de Commerce Maritime\",\"description\":\"Marine delivers our exports to the world\",\"publisher\":{\"@id\":\"https:\\\/\\\/marinedelivers.com\\\/fr\\\/#organization\"},\"potentialAction\":[{\"@type\":\"SearchAction\",\"target\":{\"@type\":\"EntryPoint\",\"urlTemplate\":\"https:\\\/\\\/marinedelivers.com\\\/fr\\\/?s={search_term_string}\"},\"query-input\":{\"@type\":\"PropertyValueSpecification\",\"valueRequired\":true,\"valueName\":\"search_term_string\"}}],\"inLanguage\":\"fr-FR\"},{\"@type\":\"Organization\",\"@id\":\"https:\\\/\\\/marinedelivers.com\\\/fr\\\/#organization\",\"name\":\"Chamber of Marine Commerce\",\"url\":\"https:\\\/\\\/marinedelivers.com\\\/fr\\\/\",\"logo\":{\"@type\":\"ImageObject\",\"inLanguage\":\"fr-FR\",\"@id\":\"https:\\\/\\\/marinedelivers.com\\\/fr\\\/#\\\/schema\\\/logo\\\/image\\\/\",\"url\":\"http:\\\/\\\/marinedelivers.com\\\/wp-content\\\/uploads\\\/2023\\\/07\\\/cmc-logo.svg\",\"contentUrl\":\"http:\\\/\\\/marinedelivers.com\\\/wp-content\\\/uploads\\\/2023\\\/07\\\/cmc-logo.svg\",\"width\":1,\"height\":1,\"caption\":\"Chamber of Marine Commerce\"},\"image\":{\"@id\":\"https:\\\/\\\/marinedelivers.com\\\/fr\\\/#\\\/schema\\\/logo\\\/image\\\/\"},\"sameAs\":[\"https:\\\/\\\/www.facebook.com\\\/MarineDelivers\\\/\",\"https:\\\/\\\/x.com\\\/marinedelivers\"]},{\"@type\":\"Person\",\"@id\":\"https:\\\/\\\/marinedelivers.com\\\/fr\\\/#\\\/schema\\\/person\\\/32d56e1d06dc24f04008ed23211a3901\",\"name\":\"Katie\",\"image\":{\"@type\":\"ImageObject\",\"inLanguage\":\"fr-FR\",\"@id\":\"https:\\\/\\\/secure.gravatar.com\\\/avatar\\\/638496ca638254401e2c207b0517a4c1a34cd012253fbb3303df8ad62636c4f6?s=96&d=mm&r=g\",\"url\":\"https:\\\/\\\/secure.gravatar.com\\\/avatar\\\/638496ca638254401e2c207b0517a4c1a34cd012253fbb3303df8ad62636c4f6?s=96&d=mm&r=g\",\"contentUrl\":\"https:\\\/\\\/secure.gravatar.com\\\/avatar\\\/638496ca638254401e2c207b0517a4c1a34cd012253fbb3303df8ad62636c4f6?s=96&d=mm&r=g\",\"caption\":\"Katie\"},\"url\":\"https:\\\/\\\/marinedelivers.com\\\/fr\\\/author\\\/katie\\\/\"}]}<\/script>\n<!-- \/ Yoast SEO plugin. -->","yoast_head_json":{"title":"La CCM souhaite la bienvenue au nouveau ministre des Transports - Chambre de Commerce Maritime","robots":{"index":"index","follow":"follow","max-snippet":"max-snippet:-1","max-image-preview":"max-image-preview:large","max-video-preview":"max-video-preview:-1"},"canonical":"https:\/\/marinedelivers.com\/fr\/la-ccm-souhaite-la-bienvenue-au-nouveau-ministre-des-transports\/","og_locale":"fr_FR","og_type":"article","og_title":"La CCM souhaite la bienvenue au nouveau ministre des Transports - Chambre de Commerce Maritime","og_description":"Le 13 janvier 2021 \u2013 La Chambre de commerce maritime,...","og_url":"https:\/\/marinedelivers.com\/fr\/la-ccm-souhaite-la-bienvenue-au-nouveau-ministre-des-transports\/","og_site_name":"Chambre de Commerce Maritime","article_publisher":"https:\/\/www.facebook.com\/MarineDelivers\/","article_published_time":"2021-01-13T01:58:57+00:00","article_modified_time":"2023-08-31T17:45:16+00:00","author":"Katie","twitter_card":"summary_large_image","twitter_creator":"@marinedelivers","twitter_site":"@marinedelivers","twitter_misc":{"\u00c9crit par":"Katie","Dur\u00e9e de lecture estim\u00e9e":"2 minutes"},"schema":{"@context":"https:\/\/schema.org","@graph":[{"@type":"Article","@id":"https:\/\/marinedelivers.com\/fr\/la-ccm-souhaite-la-bienvenue-au-nouveau-ministre-des-transports\/#article","isPartOf":{"@id":"https:\/\/marinedelivers.com\/fr\/la-ccm-souhaite-la-bienvenue-au-nouveau-ministre-des-transports\/"},"author":{"name":"Katie","@id":"https:\/\/marinedelivers.com\/fr\/#\/schema\/person\/32d56e1d06dc24f04008ed23211a3901"},"headline":"La CCM souhaite la bienvenue au nouveau ministre des Transports","datePublished":"2021-01-13T01:58:57+00:00","dateModified":"2023-08-31T17:45:16+00:00","mainEntityOfPage":{"@id":"https:\/\/marinedelivers.com\/fr\/la-ccm-souhaite-la-bienvenue-au-nouveau-ministre-des-transports\/"},"wordCount":364,"publisher":{"@id":"https:\/\/marinedelivers.com\/fr\/#organization"},"articleSection":["Media Release"],"inLanguage":"fr-FR"},{"@type":"WebPage","@id":"https:\/\/marinedelivers.com\/fr\/la-ccm-souhaite-la-bienvenue-au-nouveau-ministre-des-transports\/","url":"https:\/\/marinedelivers.com\/fr\/la-ccm-souhaite-la-bienvenue-au-nouveau-ministre-des-transports\/","name":"La CCM souhaite la bienvenue au nouveau ministre des Transports - Chambre de Commerce Maritime","isPartOf":{"@id":"https:\/\/marinedelivers.com\/fr\/#website"},"datePublished":"2021-01-13T01:58:57+00:00","dateModified":"2023-08-31T17:45:16+00:00","breadcrumb":{"@id":"https:\/\/marinedelivers.com\/fr\/la-ccm-souhaite-la-bienvenue-au-nouveau-ministre-des-transports\/#breadcrumb"},"inLanguage":"fr-FR","potentialAction":[{"@type":"ReadAction","target":["https:\/\/marinedelivers.com\/fr\/la-ccm-souhaite-la-bienvenue-au-nouveau-ministre-des-transports\/"]}]},{"@type":"BreadcrumbList","@id":"https:\/\/marinedelivers.com\/fr\/la-ccm-souhaite-la-bienvenue-au-nouveau-ministre-des-transports\/#breadcrumb","itemListElement":[{"@type":"ListItem","position":1,"name":"Home","item":"https:\/\/marinedelivers.com\/fr\/"},{"@type":"ListItem","position":2,"name":"La CCM souhaite la bienvenue au nouveau ministre des Transports"}]},{"@type":"WebSite","@id":"https:\/\/marinedelivers.com\/fr\/#website","url":"https:\/\/marinedelivers.com\/fr\/","name":"Chambre de Commerce Maritime","description":"Marine delivers our exports to the world","publisher":{"@id":"https:\/\/marinedelivers.com\/fr\/#organization"},"potentialAction":[{"@type":"SearchAction","target":{"@type":"EntryPoint","urlTemplate":"https:\/\/marinedelivers.com\/fr\/?s={search_term_string}"},"query-input":{"@type":"PropertyValueSpecification","valueRequired":true,"valueName":"search_term_string"}}],"inLanguage":"fr-FR"},{"@type":"Organization","@id":"https:\/\/marinedelivers.com\/fr\/#organization","name":"Chamber of Marine Commerce","url":"https:\/\/marinedelivers.com\/fr\/","logo":{"@type":"ImageObject","inLanguage":"fr-FR","@id":"https:\/\/marinedelivers.com\/fr\/#\/schema\/logo\/image\/","url":"http:\/\/marinedelivers.com\/wp-content\/uploads\/2023\/07\/cmc-logo.svg","contentUrl":"http:\/\/marinedelivers.com\/wp-content\/uploads\/2023\/07\/cmc-logo.svg","width":1,"height":1,"caption":"Chamber of Marine Commerce"},"image":{"@id":"https:\/\/marinedelivers.com\/fr\/#\/schema\/logo\/image\/"},"sameAs":["https:\/\/www.facebook.com\/MarineDelivers\/","https:\/\/x.com\/marinedelivers"]},{"@type":"Person","@id":"https:\/\/marinedelivers.com\/fr\/#\/schema\/person\/32d56e1d06dc24f04008ed23211a3901","name":"Katie","image":{"@type":"ImageObject","inLanguage":"fr-FR","@id":"https:\/\/secure.gravatar.com\/avatar\/638496ca638254401e2c207b0517a4c1a34cd012253fbb3303df8ad62636c4f6?s=96&d=mm&r=g","url":"https:\/\/secure.gravatar.com\/avatar\/638496ca638254401e2c207b0517a4c1a34cd012253fbb3303df8ad62636c4f6?s=96&d=mm&r=g","contentUrl":"https:\/\/secure.gravatar.com\/avatar\/638496ca638254401e2c207b0517a4c1a34cd012253fbb3303df8ad62636c4f6?s=96&d=mm&r=g","caption":"Katie"},"url":"https:\/\/marinedelivers.com\/fr\/author\/katie\/"}]}},"_links":{"self":[{"href":"https:\/\/marinedelivers.com\/fr\/wp-json\/wp\/v2\/posts\/3446","targetHints":{"allow":["GET"]}}],"collection":[{"href":"https:\/\/marinedelivers.com\/fr\/wp-json\/wp\/v2\/posts"}],"about":[{"href":"https:\/\/marinedelivers.com\/fr\/wp-json\/wp\/v2\/types\/post"}],"author":[{"embeddable":true,"href":"https:\/\/marinedelivers.com\/fr\/wp-json\/wp\/v2\/users\/2"}],"replies":[{"embeddable":true,"href":"https:\/\/marinedelivers.com\/fr\/wp-json\/wp\/v2\/comments?post=3446"}],"version-history":[{"count":0,"href":"https:\/\/marinedelivers.com\/fr\/wp-json\/wp\/v2\/posts\/3446\/revisions"}],"wp:attachment":[{"href":"https:\/\/marinedelivers.com\/fr\/wp-json\/wp\/v2\/media?parent=3446"}],"wp:term":[{"taxonomy":"category","embeddable":true,"href":"https:\/\/marinedelivers.com\/fr\/wp-json\/wp\/v2\/categories?post=3446"},{"taxonomy":"post_tag","embeddable":true,"href":"https:\/\/marinedelivers.com\/fr\/wp-json\/wp\/v2\/tags?post=3446"},{"taxonomy":"news-region","embeddable":true,"href":"https:\/\/marinedelivers.com\/fr\/wp-json\/wp\/v2\/news-region?post=3446"},{"taxonomy":"global-filter","embeddable":true,"href":"https:\/\/marinedelivers.com\/fr\/wp-json\/wp\/v2\/global-filter?post=3446"}],"curies":[{"name":"wp","href":"https:\/\/api.w.org\/{rel}","templated":true}]}}