{"id":3441,"date":"2020-08-20T13:01:09","date_gmt":"2020-08-20T17:01:09","guid":{"rendered":"http:\/\/localhost:10089\/les-cereales-canadiennes-ouvrent-la-voie-a-une-lente-reprise-du-transport-maritime-sur-la-voie-maritime-du-saint-laurent\/"},"modified":"2023-08-31T13:45:15","modified_gmt":"2023-08-31T17:45:15","slug":"les-cereales-canadiennes-ouvrent-la-voie-a-une-lente-reprise-du-transport-maritime-sur-la-voie-maritime-du-saint-laurent","status":"publish","type":"post","link":"https:\/\/marinedelivers.com\/fr\/les-cereales-canadiennes-ouvrent-la-voie-a-une-lente-reprise-du-transport-maritime-sur-la-voie-maritime-du-saint-laurent\/","title":{"rendered":"Les c\u00e9r\u00e9ales canadiennes ouvrent la voie \u00e0 une lente reprise du transport maritime sur la Voie maritime du Saint-Laurent"},"content":{"rendered":"<p>Le 20 ao\u00fbt 2020\u2013 Les 3,9 millions de tonnes m\u00e9triques de marchandises qui ont transit\u00e9 par la <strong>Voie maritime du Saint-Laurent<\/strong> en juillet d\u00e9montrent que les statistiques pour la saison 2020 du transport maritime continuent lentement de s\u2019am\u00e9liorer. Les cargaisons en juillet ont permis aux cargaisons totales (du 1<sup>er<\/sup>avril au 31 juillet) d\u2019atteindre 15,6 millions de tonnes, \u00e0 peine 8 pour cent de moins lorsqu\u2019on compare \u00e0 la m\u00eame p\u00e9riode en 2019.<\/p>\n<p>Les cargaisons de minerai de fer \u00e0 ce jour (en baisse de 13 pour cent), de charbon (en baisse de 16 pour cent), de vrac sec (en baisse de 12 pour cent) et de vrac liquide (en baisse de 20 pour cent) ont \u00e9t\u00e9 compens\u00e9es en partie par la vigueur des c\u00e9r\u00e9ales canadiennes (en hausse de 13 pour cent) et des marchandises g\u00e9n\u00e9rales, comme les \u00e9oliennes (en hausse de 4 pour cent).<\/p>\n<p>\u00ab\u00a0Il est formidable de constater la vigueur continue des cargaisons de c\u00e9r\u00e9ales canadiennes, qui ont contribu\u00e9 \u00e0 compenser des baisses importantes dans les principaux secteurs, comme le minerai de fer, le vrac sec et le p\u00e9trole,\u00a0\u00bb d\u00e9clare Terence Bowles, PDG de la Corporation de gestion de la Voie maritime du Saint-Laurent. \u00ab\u00a0La voie maritime repr\u00e9sente un corridor d\u2019exportation essentiel qui permet aux agriculteurs canadiens de rejoindre les march\u00e9s mondiaux pendant la pand\u00e9mie. Nous esp\u00e9rons que les chiffres concernant les c\u00e9r\u00e9ales resteront forts alors qu\u2019arriveront les nouvelles r\u00e9coltes \u00e0 l\u2019automne.\u00a0\u00bb<\/p>\n<p>Le <strong>port de Thunder Bay<\/strong> continue d\u2019accueillir des cargaisons de c\u00e9r\u00e9ales sup\u00e9rieures \u00e0 la moyenne. Il s\u2019agit l\u00e0 d\u2019un reflet de la demande internationale constante de bl\u00e9 au cours de la pand\u00e9mie mondiale,\u00a0\u00bb de dire Tim Heney, PDG du port de Thunder Bay. \u00ab\u00a0Nous pr\u00e9voyons des cargaisons de c\u00e9r\u00e9ales importantes cet automne, alors que les agriculteurs canadiens se pr\u00e9parent en vue d\u2019une des 5 r\u00e9coltes les plus importantes de l&rsquo;histoire.\u00a0\u00bb<\/p>\n<p>Les cargaisons ayant transit\u00e9 \u00e0 ce jour par le port de Thunder Bay ont d\u00e9pass\u00e9 les 4,7 millions de tonnes, ce qui est environ 17 pour cent de plus que le tonnage en cette p\u00e9riode de la saison du transport maritime l\u2019an dernier.<\/p>\n<p>Pendant ce temps, <strong>le port de Windsor<\/strong> poursuit sur sa lanc\u00e9e estivale depuis l&rsquo;ouverture tardive de la Voie maritime et l\u2019arriv\u00e9e de la pand\u00e9mie de COVID-19.\u00a0\u00ab\u00a0Nous continuons de voir les cargaisons de c\u00e9r\u00e9ales (en hausse de 18,9 pour cent) venir en t\u00eate, alors que les volumes d\u2019agr\u00e9gats, de sel et de p\u00e9trole s\u2019approchent des niveaux de 2019,\u00a0\u00bb affirme Steve Salmons, pr\u00e9sident et chef de la direction du port de Windsor. \u00ab\u00a0Nous continuons \u00e9galement d\u2019assister \u00e0 une baisse consid\u00e9rable des cargaisons d\u2019acier (diminution de 68 pour cent) qui est principalement attribuable aux effets du commerce et de la pand\u00e9mie.\u00a0\u00bb<\/p>\n<p>Le tonnage en juillet 2020 au port de Windsor \u00e9tait en hausse de 7,7 pour cent par rapport \u00e0 juillet 2019, alors que le tonnage total \u00e0 ce jour reste 4,6 pour cent moins \u00e9lev\u00e9 \u00e0 ce jour pour l\u2019ann\u00e9e.<\/p>\n<p>###<\/p>\n<p><strong>Flickr &#8211; <\/strong>T\u00e9l\u00e9charger les photos du transport maritime sur les Grands Lacs et le Saint-Laurent :<\/p>\n<p><a href=\"https:\/\/www.flickr.com\/photos\/marinecommerce\/albums\/72157657049769546\">https:\/\/www.flickr.com\/photos\/marinecommerce\/albums\/72157657049769546<\/a><\/p>\n<p>Au sujet de la <a href=\"http:\/\/www.localhost:10089\/fr\"><strong>Chambre de commerce maritime<\/strong><\/a><\/p>\n<p>La Chambre de commerce maritime est une association binationale qui repr\u00e9sente au-del\u00e0 de 130 intervenants de l\u2019industrie maritime, incluant des exp\u00e9diteurs canadiens et am\u00e9ricains d\u2019importance, des ports, des terminaux, ainsi que des fournisseurs de services maritimes et des propri\u00e9taires de navires canadiens et \u00e9trangers. La Chambre d\u00e9fend une politique et une r\u00e9glementation s\u00e9curitaires, durables, harmonis\u00e9es et concurrentielles qui reconnaissent les avantages consid\u00e9rables du syst\u00e8me de transport maritime sur les Grands Lacs, sur le Saint-Laurent, ainsi que dans les r\u00e9gions c\u00f4ti\u00e8res et arctiques.<\/p>\n<p><strong>Relations avec les m\u00e9dias\u00a0:<\/strong><\/p>\n<p>Julia Fields<\/p>\n<p>Chambre de commerce maritime<\/p>\n<p>jfields@cmc-ccm.com<\/p>\n<p>(613) 294-8515<\/p>\n<p>\u00a0<\/p>\n","protected":false},"excerpt":{"rendered":"<p>Le 20 ao\u00fbt 2020\u2013 Les 3,9 millions de tonnes m\u00e9triques&#8230;<\/p>\n","protected":false},"author":2,"featured_media":0,"comment_status":"closed","ping_status":"closed","sticky":false,"template":"","format":"standard","meta":{"_acf_changed":false,"footnotes":""},"categories":[2],"tags":[],"news-region":[87],"global-filter":[],"class_list":["post-3441","post","type-post","status-publish","format-standard","hentry","category-media-release","news-region-canadian-media"],"acf":[],"yoast_head":"<!-- This site is optimized with the Yoast SEO plugin v27.3 - https:\/\/yoast.com\/product\/yoast-seo-wordpress\/ -->\n<title>Les c\u00e9r\u00e9ales canadiennes ouvrent la voie \u00e0 une lente reprise du transport maritime sur la Voie maritime du Saint-Laurent - Chambre de Commerce Maritime<\/title>\n<meta name=\"robots\" content=\"index, follow, max-snippet:-1, max-image-preview:large, max-video-preview:-1\" \/>\n<link rel=\"canonical\" href=\"https:\/\/marinedelivers.com\/fr\/les-cereales-canadiennes-ouvrent-la-voie-a-une-lente-reprise-du-transport-maritime-sur-la-voie-maritime-du-saint-laurent\/\" \/>\n<meta property=\"og:locale\" content=\"fr_FR\" \/>\n<meta property=\"og:type\" content=\"article\" \/>\n<meta property=\"og:title\" content=\"Les c\u00e9r\u00e9ales canadiennes ouvrent la voie \u00e0 une lente reprise du transport maritime sur la Voie maritime du Saint-Laurent - Chambre de Commerce Maritime\" \/>\n<meta property=\"og:description\" content=\"Le 20 ao\u00fbt 2020\u2013 Les 3,9 millions de tonnes m\u00e9triques...\" \/>\n<meta property=\"og:url\" content=\"https:\/\/marinedelivers.com\/fr\/les-cereales-canadiennes-ouvrent-la-voie-a-une-lente-reprise-du-transport-maritime-sur-la-voie-maritime-du-saint-laurent\/\" \/>\n<meta property=\"og:site_name\" content=\"Chambre de Commerce Maritime\" \/>\n<meta property=\"article:publisher\" content=\"https:\/\/www.facebook.com\/MarineDelivers\/\" \/>\n<meta property=\"article:published_time\" content=\"2020-08-20T17:01:09+00:00\" \/>\n<meta property=\"article:modified_time\" content=\"2023-08-31T17:45:15+00:00\" \/>\n<meta name=\"author\" content=\"Katie\" \/>\n<meta name=\"twitter:card\" content=\"summary_large_image\" \/>\n<meta name=\"twitter:creator\" content=\"@marinedelivers\" \/>\n<meta name=\"twitter:site\" content=\"@marinedelivers\" \/>\n<meta name=\"twitter:label1\" content=\"\u00c9crit par\" \/>\n\t<meta name=\"twitter:data1\" content=\"Katie\" \/>\n\t<meta name=\"twitter:label2\" content=\"Dur\u00e9e de lecture estim\u00e9e\" \/>\n\t<meta name=\"twitter:data2\" content=\"3 minutes\" \/>\n<script type=\"application\/ld+json\" class=\"yoast-schema-graph\">{\"@context\":\"https:\\\/\\\/schema.org\",\"@graph\":[{\"@type\":\"Article\",\"@id\":\"https:\\\/\\\/marinedelivers.com\\\/fr\\\/les-cereales-canadiennes-ouvrent-la-voie-a-une-lente-reprise-du-transport-maritime-sur-la-voie-maritime-du-saint-laurent\\\/#article\",\"isPartOf\":{\"@id\":\"https:\\\/\\\/marinedelivers.com\\\/fr\\\/les-cereales-canadiennes-ouvrent-la-voie-a-une-lente-reprise-du-transport-maritime-sur-la-voie-maritime-du-saint-laurent\\\/\"},\"author\":{\"name\":\"Katie\",\"@id\":\"https:\\\/\\\/marinedelivers.com\\\/fr\\\/#\\\/schema\\\/person\\\/32d56e1d06dc24f04008ed23211a3901\"},\"headline\":\"Les c\u00e9r\u00e9ales canadiennes ouvrent la voie \u00e0 une lente reprise du transport maritime sur la Voie maritime du Saint-Laurent\",\"datePublished\":\"2020-08-20T17:01:09+00:00\",\"dateModified\":\"2023-08-31T17:45:15+00:00\",\"mainEntityOfPage\":{\"@id\":\"https:\\\/\\\/marinedelivers.com\\\/fr\\\/les-cereales-canadiennes-ouvrent-la-voie-a-une-lente-reprise-du-transport-maritime-sur-la-voie-maritime-du-saint-laurent\\\/\"},\"wordCount\":677,\"publisher\":{\"@id\":\"https:\\\/\\\/marinedelivers.com\\\/fr\\\/#organization\"},\"articleSection\":[\"Media Release\"],\"inLanguage\":\"fr-FR\"},{\"@type\":\"WebPage\",\"@id\":\"https:\\\/\\\/marinedelivers.com\\\/fr\\\/les-cereales-canadiennes-ouvrent-la-voie-a-une-lente-reprise-du-transport-maritime-sur-la-voie-maritime-du-saint-laurent\\\/\",\"url\":\"https:\\\/\\\/marinedelivers.com\\\/fr\\\/les-cereales-canadiennes-ouvrent-la-voie-a-une-lente-reprise-du-transport-maritime-sur-la-voie-maritime-du-saint-laurent\\\/\",\"name\":\"Les c\u00e9r\u00e9ales canadiennes ouvrent la voie \u00e0 une lente reprise du transport maritime sur la Voie maritime du Saint-Laurent - Chambre de Commerce Maritime\",\"isPartOf\":{\"@id\":\"https:\\\/\\\/marinedelivers.com\\\/fr\\\/#website\"},\"datePublished\":\"2020-08-20T17:01:09+00:00\",\"dateModified\":\"2023-08-31T17:45:15+00:00\",\"breadcrumb\":{\"@id\":\"https:\\\/\\\/marinedelivers.com\\\/fr\\\/les-cereales-canadiennes-ouvrent-la-voie-a-une-lente-reprise-du-transport-maritime-sur-la-voie-maritime-du-saint-laurent\\\/#breadcrumb\"},\"inLanguage\":\"fr-FR\",\"potentialAction\":[{\"@type\":\"ReadAction\",\"target\":[\"https:\\\/\\\/marinedelivers.com\\\/fr\\\/les-cereales-canadiennes-ouvrent-la-voie-a-une-lente-reprise-du-transport-maritime-sur-la-voie-maritime-du-saint-laurent\\\/\"]}]},{\"@type\":\"BreadcrumbList\",\"@id\":\"https:\\\/\\\/marinedelivers.com\\\/fr\\\/les-cereales-canadiennes-ouvrent-la-voie-a-une-lente-reprise-du-transport-maritime-sur-la-voie-maritime-du-saint-laurent\\\/#breadcrumb\",\"itemListElement\":[{\"@type\":\"ListItem\",\"position\":1,\"name\":\"Home\",\"item\":\"https:\\\/\\\/marinedelivers.com\\\/fr\\\/\"},{\"@type\":\"ListItem\",\"position\":2,\"name\":\"Les c\u00e9r\u00e9ales canadiennes ouvrent la voie \u00e0 une lente reprise du transport maritime sur la Voie maritime du Saint-Laurent\"}]},{\"@type\":\"WebSite\",\"@id\":\"https:\\\/\\\/marinedelivers.com\\\/fr\\\/#website\",\"url\":\"https:\\\/\\\/marinedelivers.com\\\/fr\\\/\",\"name\":\"Chambre de Commerce Maritime\",\"description\":\"Marine delivers our exports to the world\",\"publisher\":{\"@id\":\"https:\\\/\\\/marinedelivers.com\\\/fr\\\/#organization\"},\"potentialAction\":[{\"@type\":\"SearchAction\",\"target\":{\"@type\":\"EntryPoint\",\"urlTemplate\":\"https:\\\/\\\/marinedelivers.com\\\/fr\\\/?s={search_term_string}\"},\"query-input\":{\"@type\":\"PropertyValueSpecification\",\"valueRequired\":true,\"valueName\":\"search_term_string\"}}],\"inLanguage\":\"fr-FR\"},{\"@type\":\"Organization\",\"@id\":\"https:\\\/\\\/marinedelivers.com\\\/fr\\\/#organization\",\"name\":\"Chamber of Marine Commerce\",\"url\":\"https:\\\/\\\/marinedelivers.com\\\/fr\\\/\",\"logo\":{\"@type\":\"ImageObject\",\"inLanguage\":\"fr-FR\",\"@id\":\"https:\\\/\\\/marinedelivers.com\\\/fr\\\/#\\\/schema\\\/logo\\\/image\\\/\",\"url\":\"http:\\\/\\\/marinedelivers.com\\\/wp-content\\\/uploads\\\/2023\\\/07\\\/cmc-logo.svg\",\"contentUrl\":\"http:\\\/\\\/marinedelivers.com\\\/wp-content\\\/uploads\\\/2023\\\/07\\\/cmc-logo.svg\",\"width\":1,\"height\":1,\"caption\":\"Chamber of Marine Commerce\"},\"image\":{\"@id\":\"https:\\\/\\\/marinedelivers.com\\\/fr\\\/#\\\/schema\\\/logo\\\/image\\\/\"},\"sameAs\":[\"https:\\\/\\\/www.facebook.com\\\/MarineDelivers\\\/\",\"https:\\\/\\\/x.com\\\/marinedelivers\"]},{\"@type\":\"Person\",\"@id\":\"https:\\\/\\\/marinedelivers.com\\\/fr\\\/#\\\/schema\\\/person\\\/32d56e1d06dc24f04008ed23211a3901\",\"name\":\"Katie\",\"image\":{\"@type\":\"ImageObject\",\"inLanguage\":\"fr-FR\",\"@id\":\"https:\\\/\\\/secure.gravatar.com\\\/avatar\\\/638496ca638254401e2c207b0517a4c1a34cd012253fbb3303df8ad62636c4f6?s=96&d=mm&r=g\",\"url\":\"https:\\\/\\\/secure.gravatar.com\\\/avatar\\\/638496ca638254401e2c207b0517a4c1a34cd012253fbb3303df8ad62636c4f6?s=96&d=mm&r=g\",\"contentUrl\":\"https:\\\/\\\/secure.gravatar.com\\\/avatar\\\/638496ca638254401e2c207b0517a4c1a34cd012253fbb3303df8ad62636c4f6?s=96&d=mm&r=g\",\"caption\":\"Katie\"},\"url\":\"https:\\\/\\\/marinedelivers.com\\\/fr\\\/author\\\/katie\\\/\"}]}<\/script>\n<!-- \/ Yoast SEO plugin. -->","yoast_head_json":{"title":"Les c\u00e9r\u00e9ales canadiennes ouvrent la voie \u00e0 une lente reprise du transport maritime sur la Voie maritime du Saint-Laurent - Chambre de Commerce Maritime","robots":{"index":"index","follow":"follow","max-snippet":"max-snippet:-1","max-image-preview":"max-image-preview:large","max-video-preview":"max-video-preview:-1"},"canonical":"https:\/\/marinedelivers.com\/fr\/les-cereales-canadiennes-ouvrent-la-voie-a-une-lente-reprise-du-transport-maritime-sur-la-voie-maritime-du-saint-laurent\/","og_locale":"fr_FR","og_type":"article","og_title":"Les c\u00e9r\u00e9ales canadiennes ouvrent la voie \u00e0 une lente reprise du transport maritime sur la Voie maritime du Saint-Laurent - Chambre de Commerce Maritime","og_description":"Le 20 ao\u00fbt 2020\u2013 Les 3,9 millions de tonnes m\u00e9triques...","og_url":"https:\/\/marinedelivers.com\/fr\/les-cereales-canadiennes-ouvrent-la-voie-a-une-lente-reprise-du-transport-maritime-sur-la-voie-maritime-du-saint-laurent\/","og_site_name":"Chambre de Commerce Maritime","article_publisher":"https:\/\/www.facebook.com\/MarineDelivers\/","article_published_time":"2020-08-20T17:01:09+00:00","article_modified_time":"2023-08-31T17:45:15+00:00","author":"Katie","twitter_card":"summary_large_image","twitter_creator":"@marinedelivers","twitter_site":"@marinedelivers","twitter_misc":{"\u00c9crit par":"Katie","Dur\u00e9e de lecture estim\u00e9e":"3 minutes"},"schema":{"@context":"https:\/\/schema.org","@graph":[{"@type":"Article","@id":"https:\/\/marinedelivers.com\/fr\/les-cereales-canadiennes-ouvrent-la-voie-a-une-lente-reprise-du-transport-maritime-sur-la-voie-maritime-du-saint-laurent\/#article","isPartOf":{"@id":"https:\/\/marinedelivers.com\/fr\/les-cereales-canadiennes-ouvrent-la-voie-a-une-lente-reprise-du-transport-maritime-sur-la-voie-maritime-du-saint-laurent\/"},"author":{"name":"Katie","@id":"https:\/\/marinedelivers.com\/fr\/#\/schema\/person\/32d56e1d06dc24f04008ed23211a3901"},"headline":"Les c\u00e9r\u00e9ales canadiennes ouvrent la voie \u00e0 une lente reprise du transport maritime sur la Voie maritime du Saint-Laurent","datePublished":"2020-08-20T17:01:09+00:00","dateModified":"2023-08-31T17:45:15+00:00","mainEntityOfPage":{"@id":"https:\/\/marinedelivers.com\/fr\/les-cereales-canadiennes-ouvrent-la-voie-a-une-lente-reprise-du-transport-maritime-sur-la-voie-maritime-du-saint-laurent\/"},"wordCount":677,"publisher":{"@id":"https:\/\/marinedelivers.com\/fr\/#organization"},"articleSection":["Media Release"],"inLanguage":"fr-FR"},{"@type":"WebPage","@id":"https:\/\/marinedelivers.com\/fr\/les-cereales-canadiennes-ouvrent-la-voie-a-une-lente-reprise-du-transport-maritime-sur-la-voie-maritime-du-saint-laurent\/","url":"https:\/\/marinedelivers.com\/fr\/les-cereales-canadiennes-ouvrent-la-voie-a-une-lente-reprise-du-transport-maritime-sur-la-voie-maritime-du-saint-laurent\/","name":"Les c\u00e9r\u00e9ales canadiennes ouvrent la voie \u00e0 une lente reprise du transport maritime sur la Voie maritime du Saint-Laurent - Chambre de Commerce Maritime","isPartOf":{"@id":"https:\/\/marinedelivers.com\/fr\/#website"},"datePublished":"2020-08-20T17:01:09+00:00","dateModified":"2023-08-31T17:45:15+00:00","breadcrumb":{"@id":"https:\/\/marinedelivers.com\/fr\/les-cereales-canadiennes-ouvrent-la-voie-a-une-lente-reprise-du-transport-maritime-sur-la-voie-maritime-du-saint-laurent\/#breadcrumb"},"inLanguage":"fr-FR","potentialAction":[{"@type":"ReadAction","target":["https:\/\/marinedelivers.com\/fr\/les-cereales-canadiennes-ouvrent-la-voie-a-une-lente-reprise-du-transport-maritime-sur-la-voie-maritime-du-saint-laurent\/"]}]},{"@type":"BreadcrumbList","@id":"https:\/\/marinedelivers.com\/fr\/les-cereales-canadiennes-ouvrent-la-voie-a-une-lente-reprise-du-transport-maritime-sur-la-voie-maritime-du-saint-laurent\/#breadcrumb","itemListElement":[{"@type":"ListItem","position":1,"name":"Home","item":"https:\/\/marinedelivers.com\/fr\/"},{"@type":"ListItem","position":2,"name":"Les c\u00e9r\u00e9ales canadiennes ouvrent la voie \u00e0 une lente reprise du transport maritime sur la Voie maritime du Saint-Laurent"}]},{"@type":"WebSite","@id":"https:\/\/marinedelivers.com\/fr\/#website","url":"https:\/\/marinedelivers.com\/fr\/","name":"Chambre de Commerce Maritime","description":"Marine delivers our exports to the world","publisher":{"@id":"https:\/\/marinedelivers.com\/fr\/#organization"},"potentialAction":[{"@type":"SearchAction","target":{"@type":"EntryPoint","urlTemplate":"https:\/\/marinedelivers.com\/fr\/?s={search_term_string}"},"query-input":{"@type":"PropertyValueSpecification","valueRequired":true,"valueName":"search_term_string"}}],"inLanguage":"fr-FR"},{"@type":"Organization","@id":"https:\/\/marinedelivers.com\/fr\/#organization","name":"Chamber of Marine Commerce","url":"https:\/\/marinedelivers.com\/fr\/","logo":{"@type":"ImageObject","inLanguage":"fr-FR","@id":"https:\/\/marinedelivers.com\/fr\/#\/schema\/logo\/image\/","url":"http:\/\/marinedelivers.com\/wp-content\/uploads\/2023\/07\/cmc-logo.svg","contentUrl":"http:\/\/marinedelivers.com\/wp-content\/uploads\/2023\/07\/cmc-logo.svg","width":1,"height":1,"caption":"Chamber of Marine Commerce"},"image":{"@id":"https:\/\/marinedelivers.com\/fr\/#\/schema\/logo\/image\/"},"sameAs":["https:\/\/www.facebook.com\/MarineDelivers\/","https:\/\/x.com\/marinedelivers"]},{"@type":"Person","@id":"https:\/\/marinedelivers.com\/fr\/#\/schema\/person\/32d56e1d06dc24f04008ed23211a3901","name":"Katie","image":{"@type":"ImageObject","inLanguage":"fr-FR","@id":"https:\/\/secure.gravatar.com\/avatar\/638496ca638254401e2c207b0517a4c1a34cd012253fbb3303df8ad62636c4f6?s=96&d=mm&r=g","url":"https:\/\/secure.gravatar.com\/avatar\/638496ca638254401e2c207b0517a4c1a34cd012253fbb3303df8ad62636c4f6?s=96&d=mm&r=g","contentUrl":"https:\/\/secure.gravatar.com\/avatar\/638496ca638254401e2c207b0517a4c1a34cd012253fbb3303df8ad62636c4f6?s=96&d=mm&r=g","caption":"Katie"},"url":"https:\/\/marinedelivers.com\/fr\/author\/katie\/"}]}},"_links":{"self":[{"href":"https:\/\/marinedelivers.com\/fr\/wp-json\/wp\/v2\/posts\/3441","targetHints":{"allow":["GET"]}}],"collection":[{"href":"https:\/\/marinedelivers.com\/fr\/wp-json\/wp\/v2\/posts"}],"about":[{"href":"https:\/\/marinedelivers.com\/fr\/wp-json\/wp\/v2\/types\/post"}],"author":[{"embeddable":true,"href":"https:\/\/marinedelivers.com\/fr\/wp-json\/wp\/v2\/users\/2"}],"replies":[{"embeddable":true,"href":"https:\/\/marinedelivers.com\/fr\/wp-json\/wp\/v2\/comments?post=3441"}],"version-history":[{"count":0,"href":"https:\/\/marinedelivers.com\/fr\/wp-json\/wp\/v2\/posts\/3441\/revisions"}],"wp:attachment":[{"href":"https:\/\/marinedelivers.com\/fr\/wp-json\/wp\/v2\/media?parent=3441"}],"wp:term":[{"taxonomy":"category","embeddable":true,"href":"https:\/\/marinedelivers.com\/fr\/wp-json\/wp\/v2\/categories?post=3441"},{"taxonomy":"post_tag","embeddable":true,"href":"https:\/\/marinedelivers.com\/fr\/wp-json\/wp\/v2\/tags?post=3441"},{"taxonomy":"news-region","embeddable":true,"href":"https:\/\/marinedelivers.com\/fr\/wp-json\/wp\/v2\/news-region?post=3441"},{"taxonomy":"global-filter","embeddable":true,"href":"https:\/\/marinedelivers.com\/fr\/wp-json\/wp\/v2\/global-filter?post=3441"}],"curies":[{"name":"wp","href":"https:\/\/api.w.org\/{rel}","templated":true}]}}