{"id":3432,"date":"2020-04-29T11:44:51","date_gmt":"2020-04-29T15:44:51","guid":{"rendered":"http:\/\/localhost:10089\/le-1er-mai-les-navires-actionneront-leurs-sirenes-au-canada-pour-soutenir-les-heros-invisibles-du-commerce-mondial-a-loccasion-de-la-journee-internationale-des-travailleurs\/"},"modified":"2023-08-31T13:45:13","modified_gmt":"2023-08-31T17:45:13","slug":"le-1er-mai-les-navires-actionneront-leurs-sirenes-au-canada-pour-soutenir-les-heros-invisibles-du-commerce-mondial-a-loccasion-de-la-journee-internationale-des-travailleurs","status":"publish","type":"post","link":"https:\/\/marinedelivers.com\/fr\/le-1er-mai-les-navires-actionneront-leurs-sirenes-au-canada-pour-soutenir-les-heros-invisibles-du-commerce-mondial-a-loccasion-de-la-journee-internationale-des-travailleurs\/","title":{"rendered":"Le 1er mai, les navires actionneront leurs sir\u00e8nes au Canada pour soutenir les \u00ab\u00a0h\u00e9ros invisibles du commerce mondial \u00bb \u00e0 l&rsquo;occasion de la Journ\u00e9e internationale des travailleurs"},"content":{"rendered":"<p>Le 29 avril 2020 \u2013 Le 1er Mai, \u00e0 l\u2019occasion de la Journ\u00e9e internationale des travailleurs, les navires actionneront leurs sir\u00e8nes dans les ports canadiens \u00e0 midi (heure locale) pour rendre hommage aux 1,2 million de marins autour du monde qui assurent l\u2019approvisionnement des pays en aliments, en combustible et en produits essentiels pendant la pand\u00e9mie.<\/p>\n<p>Les associations de l&rsquo;industrie maritime du Canada, dont la Chambre de commerce maritime, la Chamber of Shipping, la F\u00e9d\u00e9ration Maritime du Canada et l\u2019Association des administrations portuaires canadiennes, invitent leurs membres \u00e0 participer \u00e0 cette initiative mondiale.<\/p>\n<p>La F\u00e9d\u00e9ration internationale des ouvriers du transport (FIOT) et la International Chamber of Shipping (ICS) encouragent ce geste de solidarit\u00e9 qui vise \u00e0 reconna\u00eetre les marins, ces \u00ab h\u00e9ros invisibles du commerce mondial \u00bb, \u00e0 l&rsquo;occasion de la Journ\u00e9e internationale des travailleurs.<\/p>\n<p>L\u2019initiative mondiale permettra \u00e9galement d\u2019attirer l\u2019attention sur les probl\u00e8mes que certains navires internationaux rencontrent, alors que les changements d&rsquo;\u00e9quipage sont perturb\u00e9s par les restrictions impos\u00e9es sur tout d\u00e9placement en raison de la COVID-19, ce qui oblige les marins \u00e0 rester \u00e0 bord des navires malgr\u00e9 de longues p\u00e9riodes en mer. Bien que le gouvernement canadien reconnaisse les \u00e9quipages de navires comme \u00ab travailleurs essentiels \u00bb et qu\u2019il aide le secteur maritime \u00e0 r\u00e9soudre les probl\u00e8mes qui surviennent \u2013 la ICS et la FIOT encouragent d\u2019autres pays afin qu\u2019ils adoptent des mesures similaires, car ceci demande un effort global. <a href=\"https:\/\/www.ics-shipping.org\/news\/press-releases\/2020\/04\/15\/iata-and-ics-governments-must-facilitate-ship-crew-changes\">Lien menant \u00e0 la lettre.<\/a><\/p>\n<p><strong>CITATIONS<\/strong><\/p>\n<p>\u00ab Nous sommes fiers des marins et de tous les autres travailleurs maritimes qui poursuivent leurs activit\u00e9s paisiblement et de mani\u00e8re efficace afin que les cha\u00eenes logistiques puissent continuer leur fonctionnement sans interruptions. Les Canadiens continuent \u00e0 recevoir des produits essentiels, comme les grains pour le pain, les p\u00e2tes et autres, ainsi que des articles m\u00e9dicaux, malgr\u00e9 les difficult\u00e9s caus\u00e9es par la pand\u00e9mie COVID-19. Quatre-vingt-dix pour cent de toutes les marchandises \u00e0 l&rsquo;\u00e9chelle mondiale sont transport\u00e9es \u00e0 un moment ou \u00e0 un autre \u00e0 bord de navires. Nous voulons saluer toutes les femmes et tous les hommes qui participent \u00e0 cet effort incroyable pour leur excellent travail dans les circonstances difficiles. \u00bb<\/p>\n<p>\u2014 <strong>Bruce Burrows, pr\u00e9sident de la <a href=\"http:\/\/www.localhost:10089\/fr\">Chambre de commerce maritime<\/a>.<\/strong><\/p>\n<p>\u00ab Au cours de cette pand\u00e9mie, les d\u00e9fis que doivent surmonter les navires sortent de l&rsquo;ordinaire. Alors que plusieurs pays interdisent les changements d&rsquo;\u00e9quipage et qu\u2019on assiste pratiquement \u00e0 l\u2019interdiction des voyages internationaux en avion, nombreux sont les gens de la mer qui sont incapables de rentrer chez eux aupr\u00e8s de leurs familles \u00e0 cause des restrictions sur les changements d&rsquo;\u00e9quipage. Tous ceux qui ont pass\u00e9 du temps en mer savent que nous devons tous nous serrer les coudes en temps de crise pour nous aider les uns les autres de toutes les fa\u00e7ons possibles. \u00bb<\/p>\n<p>\u2014 <strong>Robert Lewis-Manning, pr\u00e9sident de la <a href=\"https:\/\/shippingmatters.ca\">Chamber of Shipping<\/a>.<\/strong><\/p>\n<p>\u00ab J\u2019aimerais souligner les contributions des travailleurs dans nos ports, des marins et de tous les autres travailleurs maritimes qui assurent la circulation des marchandises pendant la Covid-19 comme la nourriture, les v\u00eatements et les produits pharmaceutiques. Au nom des 17 administrations portuaires canadiennes, nous vous remercions de votre d\u00e9vouement et vous souhaitons une heureuse Journ\u00e9e internationale des travailleurs en toute s\u00e9curit\u00e9.<\/p>\n<p>\u2014 <strong>Wendy Zatylny, pr\u00e9sidente, <a href=\"http:\/\/www.acpa-ports.net\">Association des administrations portuaires canadiennes<\/a><\/strong><\/p>\n<p>\u00ab Les marins partout jouent un r\u00f4le essentiel pendant cette crise mondiale en acheminant des aliments, des m\u00e9dicaments, de l\u2019\u00c9PI et d\u2019autres marchandises essentielles \u00e0 ceux qui en ont le plus besoin. Leur r\u00f4le sera tout aussi important quand le Canada et d\u2019autres pays commenceront la transition apr\u00e8s la crise en maintenant des liens critiques avec le reste du monde, \u00e0 travers les r\u00e9seaux de camionnage et de voies ferr\u00e9es en Am\u00e9rique du Nord. Nous sommes fiers de prendre part au #Salutdesh\u00e9rosenmer et de mettre l\u2019emphase sur la contribution de ces professionnels invisibles qui gardent le Canada ouvert au commerce aujourd\u2019hui et apr\u00e8s la crise. \u00bb<\/p>\n<p>\u2014 <strong>Michael Broad, pr\u00e9sident, <a href=\"http:\/\/www.shipfed.ca\/accueil\">F\u00e9d\u00e9ration maritime du Canada<\/a><\/strong><\/p>\n<p><img loading=\"lazy\" decoding=\"async\" class=\"alignnone wp-image-4472\" src=\"http:\/\/marinedelivers.com\/wp-content\/uploads\/2023\/08\/cmc_marine_logo_bil_txt_bil_right-300x100.png\" alt=\"\" width=\"210\" height=\"70\" \/> <img loading=\"lazy\" decoding=\"async\" class=\"alignnone wp-image-4478\" src=\"http:\/\/marinedelivers.com\/wp-content\/uploads\/2023\/08\/ACPALogo2007-F-scaled.jpg\" alt=\"\" width=\"216\" height=\"104\" \/> <img loading=\"lazy\" decoding=\"async\" class=\"alignnone wp-image-4467\" src=\"http:\/\/marinedelivers.com\/wp-content\/uploads\/2023\/08\/Shipfed-English-Master-300x123.jpg\" alt=\"\" width=\"183\" height=\"75\" \/> <img loading=\"lazy\" decoding=\"async\" class=\"alignnone wp-image-4469\" src=\"http:\/\/marinedelivers.com\/wp-content\/uploads\/2023\/08\/COSBC_Logo_Final_Colour_Stacked-300x244.png\" alt=\"\" width=\"139\" height=\"113\" \/><\/p>\n<p><strong>MOT \u00c0 L\u2019INTENTION DES \u00c9DITEURS :<\/strong><\/p>\n<p>Vous trouverez ici un exemple sur vid\u00e9o\/audio d\u2019un navire sonnant la corne de brume au Canada.<\/p>\n<p><a href=\"https:\/\/www.dropbox.com\/s\/7xfsfh62fxi5tdw\/IMG_3240.mov?dl=0\">https:\/\/www.dropbox.com\/s\/7xfsfh62fxi5tdw\/IMG_3240.mov?dl=0<\/a><br \/>\n<a href=\"https:\/\/www.dropbox.com\/s\/57zl4jkxvdyw82g\/Video - strongfield.mov?dl=0\">https:\/\/www.dropbox.com\/s\/57zl4jkxvdyw82g\/Video &#8211; strongfield.mov?dl=0<\/a><\/p>\n<p>Des vid\u00e9oclips tourn\u00e9s le jour \u00e0 partir des navires ou du port (au moyen de t\u00e9l\u00e9phones) sont disponibles si la demande est faite aux m\u00e9dias.<\/p>\n<p>Flickr &#8211; T\u00e9l\u00e9chargez les photos du transport maritime sur les Grands Lacs et le Saint-Laurent<br \/>\n<a href=\"https:\/\/www.flickr.com\/photos\/marinecommerce\/albums\/72157657049769546\">https:\/\/www.flickr.com\/photos\/marinecommerce\/albums\/72157657049769546<\/a><\/p>\n<p><strong>CONTACTS M\u00c9DIAS :<\/strong><\/p>\n<p>R\u00e9gion des Grands Lacs et du Saint-Laurent<br \/>\nJulia Fields<br \/>\nChambre de commerce maritime<br \/>\njfields@cmc-ccm.com<br \/>\n(613) 294-8515<\/p>\n<p>C\u00f4te est :<br \/>\nMichel Hachey<br \/>\nAssociation des administrations portuaires canadiennes<br \/>\nmhachey@acpa-ports.net<br \/>\n(613) 407-7486<\/p>\n<p>C\u00f4te ouest :<br \/>\nJanet Kelly<br \/>\nChamber of Shipping<br \/>\nmedia@cosbc.ca<br \/>\n(604) 681 2351<\/p>\n","protected":false},"excerpt":{"rendered":"<p>Le 29 avril 2020 \u2013 Le 1er Mai, \u00e0 l\u2019occasion&#8230;<\/p>\n","protected":false},"author":2,"featured_media":3435,"comment_status":"closed","ping_status":"closed","sticky":false,"template":"","format":"standard","meta":{"_acf_changed":false,"footnotes":""},"categories":[2],"tags":[],"news-region":[87],"global-filter":[],"class_list":["post-3432","post","type-post","status-publish","format-standard","has-post-thumbnail","hentry","category-media-release","news-region-canadian-media"],"acf":[],"yoast_head":"<!-- This site is optimized with the Yoast SEO plugin v27.3 - https:\/\/yoast.com\/product\/yoast-seo-wordpress\/ -->\n<title>Le 1er mai, les navires actionneront leurs sir\u00e8nes au Canada pour soutenir les \u00ab\u00a0h\u00e9ros invisibles du commerce mondial \u00bb \u00e0 l&#039;occasion de la Journ\u00e9e internationale des travailleurs - Chambre de Commerce Maritime<\/title>\n<meta name=\"robots\" content=\"index, follow, max-snippet:-1, max-image-preview:large, max-video-preview:-1\" \/>\n<link rel=\"canonical\" href=\"https:\/\/marinedelivers.com\/fr\/le-1er-mai-les-navires-actionneront-leurs-sirenes-au-canada-pour-soutenir-les-heros-invisibles-du-commerce-mondial-a-loccasion-de-la-journee-internationale-des-travailleurs\/\" \/>\n<meta property=\"og:locale\" content=\"fr_FR\" \/>\n<meta property=\"og:type\" content=\"article\" \/>\n<meta property=\"og:title\" content=\"Le 1er mai, les navires actionneront leurs sir\u00e8nes au Canada pour soutenir les \u00ab\u00a0h\u00e9ros invisibles du commerce mondial \u00bb \u00e0 l&#039;occasion de la Journ\u00e9e internationale des travailleurs - Chambre de Commerce Maritime\" \/>\n<meta property=\"og:description\" content=\"Le 29 avril 2020 \u2013 Le 1er Mai, \u00e0 l\u2019occasion...\" \/>\n<meta property=\"og:url\" content=\"https:\/\/marinedelivers.com\/fr\/le-1er-mai-les-navires-actionneront-leurs-sirenes-au-canada-pour-soutenir-les-heros-invisibles-du-commerce-mondial-a-loccasion-de-la-journee-internationale-des-travailleurs\/\" \/>\n<meta property=\"og:site_name\" content=\"Chambre de Commerce Maritime\" \/>\n<meta property=\"article:publisher\" content=\"https:\/\/www.facebook.com\/MarineDelivers\/\" \/>\n<meta property=\"article:published_time\" content=\"2020-04-29T15:44:51+00:00\" \/>\n<meta property=\"article:modified_time\" content=\"2023-08-31T17:45:13+00:00\" \/>\n<meta property=\"og:image\" content=\"https:\/\/marinedelivers.com\/wp-content\/uploads\/2023\/08\/ACPALogo2007-F-scaled.jpg\" \/>\n\t<meta property=\"og:image:width\" content=\"2560\" \/>\n\t<meta property=\"og:image:height\" content=\"1232\" \/>\n\t<meta property=\"og:image:type\" content=\"image\/jpeg\" \/>\n<meta name=\"author\" content=\"Katie\" \/>\n<meta name=\"twitter:card\" content=\"summary_large_image\" \/>\n<meta name=\"twitter:creator\" content=\"@marinedelivers\" \/>\n<meta name=\"twitter:site\" content=\"@marinedelivers\" \/>\n<meta name=\"twitter:label1\" content=\"\u00c9crit par\" \/>\n\t<meta name=\"twitter:data1\" content=\"Katie\" \/>\n\t<meta name=\"twitter:label2\" content=\"Dur\u00e9e de lecture estim\u00e9e\" \/>\n\t<meta name=\"twitter:data2\" content=\"4 minutes\" \/>\n<script type=\"application\/ld+json\" class=\"yoast-schema-graph\">{\"@context\":\"https:\\\/\\\/schema.org\",\"@graph\":[{\"@type\":\"Article\",\"@id\":\"https:\\\/\\\/marinedelivers.com\\\/fr\\\/le-1er-mai-les-navires-actionneront-leurs-sirenes-au-canada-pour-soutenir-les-heros-invisibles-du-commerce-mondial-a-loccasion-de-la-journee-internationale-des-travailleurs\\\/#article\",\"isPartOf\":{\"@id\":\"https:\\\/\\\/marinedelivers.com\\\/fr\\\/le-1er-mai-les-navires-actionneront-leurs-sirenes-au-canada-pour-soutenir-les-heros-invisibles-du-commerce-mondial-a-loccasion-de-la-journee-internationale-des-travailleurs\\\/\"},\"author\":{\"name\":\"Katie\",\"@id\":\"https:\\\/\\\/marinedelivers.com\\\/fr\\\/#\\\/schema\\\/person\\\/32d56e1d06dc24f04008ed23211a3901\"},\"headline\":\"Le 1er mai, les navires actionneront leurs sir\u00e8nes au Canada pour soutenir les \u00ab\u00a0h\u00e9ros invisibles du commerce mondial \u00bb \u00e0 l&rsquo;occasion de la Journ\u00e9e internationale des travailleurs\",\"datePublished\":\"2020-04-29T15:44:51+00:00\",\"dateModified\":\"2023-08-31T17:45:13+00:00\",\"mainEntityOfPage\":{\"@id\":\"https:\\\/\\\/marinedelivers.com\\\/fr\\\/le-1er-mai-les-navires-actionneront-leurs-sirenes-au-canada-pour-soutenir-les-heros-invisibles-du-commerce-mondial-a-loccasion-de-la-journee-internationale-des-travailleurs\\\/\"},\"wordCount\":859,\"publisher\":{\"@id\":\"https:\\\/\\\/marinedelivers.com\\\/fr\\\/#organization\"},\"image\":{\"@id\":\"https:\\\/\\\/marinedelivers.com\\\/fr\\\/le-1er-mai-les-navires-actionneront-leurs-sirenes-au-canada-pour-soutenir-les-heros-invisibles-du-commerce-mondial-a-loccasion-de-la-journee-internationale-des-travailleurs\\\/#primaryimage\"},\"thumbnailUrl\":\"https:\\\/\\\/marinedelivers.com\\\/wp-content\\\/uploads\\\/2023\\\/08\\\/ACPALogo2007-F-scaled.jpg\",\"articleSection\":[\"Media Release\"],\"inLanguage\":\"fr-FR\"},{\"@type\":\"WebPage\",\"@id\":\"https:\\\/\\\/marinedelivers.com\\\/fr\\\/le-1er-mai-les-navires-actionneront-leurs-sirenes-au-canada-pour-soutenir-les-heros-invisibles-du-commerce-mondial-a-loccasion-de-la-journee-internationale-des-travailleurs\\\/\",\"url\":\"https:\\\/\\\/marinedelivers.com\\\/fr\\\/le-1er-mai-les-navires-actionneront-leurs-sirenes-au-canada-pour-soutenir-les-heros-invisibles-du-commerce-mondial-a-loccasion-de-la-journee-internationale-des-travailleurs\\\/\",\"name\":\"Le 1er mai, les navires actionneront leurs sir\u00e8nes au Canada pour soutenir les \u00ab\u00a0h\u00e9ros invisibles du commerce mondial \u00bb \u00e0 l'occasion de la Journ\u00e9e internationale des travailleurs - Chambre de Commerce Maritime\",\"isPartOf\":{\"@id\":\"https:\\\/\\\/marinedelivers.com\\\/fr\\\/#website\"},\"primaryImageOfPage\":{\"@id\":\"https:\\\/\\\/marinedelivers.com\\\/fr\\\/le-1er-mai-les-navires-actionneront-leurs-sirenes-au-canada-pour-soutenir-les-heros-invisibles-du-commerce-mondial-a-loccasion-de-la-journee-internationale-des-travailleurs\\\/#primaryimage\"},\"image\":{\"@id\":\"https:\\\/\\\/marinedelivers.com\\\/fr\\\/le-1er-mai-les-navires-actionneront-leurs-sirenes-au-canada-pour-soutenir-les-heros-invisibles-du-commerce-mondial-a-loccasion-de-la-journee-internationale-des-travailleurs\\\/#primaryimage\"},\"thumbnailUrl\":\"https:\\\/\\\/marinedelivers.com\\\/wp-content\\\/uploads\\\/2023\\\/08\\\/ACPALogo2007-F-scaled.jpg\",\"datePublished\":\"2020-04-29T15:44:51+00:00\",\"dateModified\":\"2023-08-31T17:45:13+00:00\",\"breadcrumb\":{\"@id\":\"https:\\\/\\\/marinedelivers.com\\\/fr\\\/le-1er-mai-les-navires-actionneront-leurs-sirenes-au-canada-pour-soutenir-les-heros-invisibles-du-commerce-mondial-a-loccasion-de-la-journee-internationale-des-travailleurs\\\/#breadcrumb\"},\"inLanguage\":\"fr-FR\",\"potentialAction\":[{\"@type\":\"ReadAction\",\"target\":[\"https:\\\/\\\/marinedelivers.com\\\/fr\\\/le-1er-mai-les-navires-actionneront-leurs-sirenes-au-canada-pour-soutenir-les-heros-invisibles-du-commerce-mondial-a-loccasion-de-la-journee-internationale-des-travailleurs\\\/\"]}]},{\"@type\":\"ImageObject\",\"inLanguage\":\"fr-FR\",\"@id\":\"https:\\\/\\\/marinedelivers.com\\\/fr\\\/le-1er-mai-les-navires-actionneront-leurs-sirenes-au-canada-pour-soutenir-les-heros-invisibles-du-commerce-mondial-a-loccasion-de-la-journee-internationale-des-travailleurs\\\/#primaryimage\",\"url\":\"https:\\\/\\\/marinedelivers.com\\\/wp-content\\\/uploads\\\/2023\\\/08\\\/ACPALogo2007-F-scaled.jpg\",\"contentUrl\":\"https:\\\/\\\/marinedelivers.com\\\/wp-content\\\/uploads\\\/2023\\\/08\\\/ACPALogo2007-F-scaled.jpg\",\"width\":2560,\"height\":1232},{\"@type\":\"BreadcrumbList\",\"@id\":\"https:\\\/\\\/marinedelivers.com\\\/fr\\\/le-1er-mai-les-navires-actionneront-leurs-sirenes-au-canada-pour-soutenir-les-heros-invisibles-du-commerce-mondial-a-loccasion-de-la-journee-internationale-des-travailleurs\\\/#breadcrumb\",\"itemListElement\":[{\"@type\":\"ListItem\",\"position\":1,\"name\":\"Home\",\"item\":\"https:\\\/\\\/marinedelivers.com\\\/fr\\\/\"},{\"@type\":\"ListItem\",\"position\":2,\"name\":\"Le 1er mai, les navires actionneront leurs sir\u00e8nes au Canada pour soutenir les \u00ab\u00a0h\u00e9ros invisibles du commerce mondial \u00bb \u00e0 l&#8217;occasion de la Journ\u00e9e internationale des travailleurs\"}]},{\"@type\":\"WebSite\",\"@id\":\"https:\\\/\\\/marinedelivers.com\\\/fr\\\/#website\",\"url\":\"https:\\\/\\\/marinedelivers.com\\\/fr\\\/\",\"name\":\"Chambre de Commerce Maritime\",\"description\":\"Marine delivers our exports to the world\",\"publisher\":{\"@id\":\"https:\\\/\\\/marinedelivers.com\\\/fr\\\/#organization\"},\"potentialAction\":[{\"@type\":\"SearchAction\",\"target\":{\"@type\":\"EntryPoint\",\"urlTemplate\":\"https:\\\/\\\/marinedelivers.com\\\/fr\\\/?s={search_term_string}\"},\"query-input\":{\"@type\":\"PropertyValueSpecification\",\"valueRequired\":true,\"valueName\":\"search_term_string\"}}],\"inLanguage\":\"fr-FR\"},{\"@type\":\"Organization\",\"@id\":\"https:\\\/\\\/marinedelivers.com\\\/fr\\\/#organization\",\"name\":\"Chamber of Marine Commerce\",\"url\":\"https:\\\/\\\/marinedelivers.com\\\/fr\\\/\",\"logo\":{\"@type\":\"ImageObject\",\"inLanguage\":\"fr-FR\",\"@id\":\"https:\\\/\\\/marinedelivers.com\\\/fr\\\/#\\\/schema\\\/logo\\\/image\\\/\",\"url\":\"http:\\\/\\\/marinedelivers.com\\\/wp-content\\\/uploads\\\/2023\\\/07\\\/cmc-logo.svg\",\"contentUrl\":\"http:\\\/\\\/marinedelivers.com\\\/wp-content\\\/uploads\\\/2023\\\/07\\\/cmc-logo.svg\",\"width\":1,\"height\":1,\"caption\":\"Chamber of Marine Commerce\"},\"image\":{\"@id\":\"https:\\\/\\\/marinedelivers.com\\\/fr\\\/#\\\/schema\\\/logo\\\/image\\\/\"},\"sameAs\":[\"https:\\\/\\\/www.facebook.com\\\/MarineDelivers\\\/\",\"https:\\\/\\\/x.com\\\/marinedelivers\"]},{\"@type\":\"Person\",\"@id\":\"https:\\\/\\\/marinedelivers.com\\\/fr\\\/#\\\/schema\\\/person\\\/32d56e1d06dc24f04008ed23211a3901\",\"name\":\"Katie\",\"image\":{\"@type\":\"ImageObject\",\"inLanguage\":\"fr-FR\",\"@id\":\"https:\\\/\\\/secure.gravatar.com\\\/avatar\\\/638496ca638254401e2c207b0517a4c1a34cd012253fbb3303df8ad62636c4f6?s=96&d=mm&r=g\",\"url\":\"https:\\\/\\\/secure.gravatar.com\\\/avatar\\\/638496ca638254401e2c207b0517a4c1a34cd012253fbb3303df8ad62636c4f6?s=96&d=mm&r=g\",\"contentUrl\":\"https:\\\/\\\/secure.gravatar.com\\\/avatar\\\/638496ca638254401e2c207b0517a4c1a34cd012253fbb3303df8ad62636c4f6?s=96&d=mm&r=g\",\"caption\":\"Katie\"},\"url\":\"https:\\\/\\\/marinedelivers.com\\\/fr\\\/author\\\/katie\\\/\"}]}<\/script>\n<!-- \/ Yoast SEO plugin. -->","yoast_head_json":{"title":"Le 1er mai, les navires actionneront leurs sir\u00e8nes au Canada pour soutenir les \u00ab\u00a0h\u00e9ros invisibles du commerce mondial \u00bb \u00e0 l'occasion de la Journ\u00e9e internationale des travailleurs - Chambre de Commerce Maritime","robots":{"index":"index","follow":"follow","max-snippet":"max-snippet:-1","max-image-preview":"max-image-preview:large","max-video-preview":"max-video-preview:-1"},"canonical":"https:\/\/marinedelivers.com\/fr\/le-1er-mai-les-navires-actionneront-leurs-sirenes-au-canada-pour-soutenir-les-heros-invisibles-du-commerce-mondial-a-loccasion-de-la-journee-internationale-des-travailleurs\/","og_locale":"fr_FR","og_type":"article","og_title":"Le 1er mai, les navires actionneront leurs sir\u00e8nes au Canada pour soutenir les \u00ab\u00a0h\u00e9ros invisibles du commerce mondial \u00bb \u00e0 l'occasion de la Journ\u00e9e internationale des travailleurs - Chambre de Commerce Maritime","og_description":"Le 29 avril 2020 \u2013 Le 1er Mai, \u00e0 l\u2019occasion...","og_url":"https:\/\/marinedelivers.com\/fr\/le-1er-mai-les-navires-actionneront-leurs-sirenes-au-canada-pour-soutenir-les-heros-invisibles-du-commerce-mondial-a-loccasion-de-la-journee-internationale-des-travailleurs\/","og_site_name":"Chambre de Commerce Maritime","article_publisher":"https:\/\/www.facebook.com\/MarineDelivers\/","article_published_time":"2020-04-29T15:44:51+00:00","article_modified_time":"2023-08-31T17:45:13+00:00","og_image":[{"width":2560,"height":1232,"url":"https:\/\/marinedelivers.com\/wp-content\/uploads\/2023\/08\/ACPALogo2007-F-scaled.jpg","type":"image\/jpeg"}],"author":"Katie","twitter_card":"summary_large_image","twitter_creator":"@marinedelivers","twitter_site":"@marinedelivers","twitter_misc":{"\u00c9crit par":"Katie","Dur\u00e9e de lecture estim\u00e9e":"4 minutes"},"schema":{"@context":"https:\/\/schema.org","@graph":[{"@type":"Article","@id":"https:\/\/marinedelivers.com\/fr\/le-1er-mai-les-navires-actionneront-leurs-sirenes-au-canada-pour-soutenir-les-heros-invisibles-du-commerce-mondial-a-loccasion-de-la-journee-internationale-des-travailleurs\/#article","isPartOf":{"@id":"https:\/\/marinedelivers.com\/fr\/le-1er-mai-les-navires-actionneront-leurs-sirenes-au-canada-pour-soutenir-les-heros-invisibles-du-commerce-mondial-a-loccasion-de-la-journee-internationale-des-travailleurs\/"},"author":{"name":"Katie","@id":"https:\/\/marinedelivers.com\/fr\/#\/schema\/person\/32d56e1d06dc24f04008ed23211a3901"},"headline":"Le 1er mai, les navires actionneront leurs sir\u00e8nes au Canada pour soutenir les \u00ab\u00a0h\u00e9ros invisibles du commerce mondial \u00bb \u00e0 l&rsquo;occasion de la Journ\u00e9e internationale des travailleurs","datePublished":"2020-04-29T15:44:51+00:00","dateModified":"2023-08-31T17:45:13+00:00","mainEntityOfPage":{"@id":"https:\/\/marinedelivers.com\/fr\/le-1er-mai-les-navires-actionneront-leurs-sirenes-au-canada-pour-soutenir-les-heros-invisibles-du-commerce-mondial-a-loccasion-de-la-journee-internationale-des-travailleurs\/"},"wordCount":859,"publisher":{"@id":"https:\/\/marinedelivers.com\/fr\/#organization"},"image":{"@id":"https:\/\/marinedelivers.com\/fr\/le-1er-mai-les-navires-actionneront-leurs-sirenes-au-canada-pour-soutenir-les-heros-invisibles-du-commerce-mondial-a-loccasion-de-la-journee-internationale-des-travailleurs\/#primaryimage"},"thumbnailUrl":"https:\/\/marinedelivers.com\/wp-content\/uploads\/2023\/08\/ACPALogo2007-F-scaled.jpg","articleSection":["Media Release"],"inLanguage":"fr-FR"},{"@type":"WebPage","@id":"https:\/\/marinedelivers.com\/fr\/le-1er-mai-les-navires-actionneront-leurs-sirenes-au-canada-pour-soutenir-les-heros-invisibles-du-commerce-mondial-a-loccasion-de-la-journee-internationale-des-travailleurs\/","url":"https:\/\/marinedelivers.com\/fr\/le-1er-mai-les-navires-actionneront-leurs-sirenes-au-canada-pour-soutenir-les-heros-invisibles-du-commerce-mondial-a-loccasion-de-la-journee-internationale-des-travailleurs\/","name":"Le 1er mai, les navires actionneront leurs sir\u00e8nes au Canada pour soutenir les \u00ab\u00a0h\u00e9ros invisibles du commerce mondial \u00bb \u00e0 l'occasion de la Journ\u00e9e internationale des travailleurs - Chambre de Commerce Maritime","isPartOf":{"@id":"https:\/\/marinedelivers.com\/fr\/#website"},"primaryImageOfPage":{"@id":"https:\/\/marinedelivers.com\/fr\/le-1er-mai-les-navires-actionneront-leurs-sirenes-au-canada-pour-soutenir-les-heros-invisibles-du-commerce-mondial-a-loccasion-de-la-journee-internationale-des-travailleurs\/#primaryimage"},"image":{"@id":"https:\/\/marinedelivers.com\/fr\/le-1er-mai-les-navires-actionneront-leurs-sirenes-au-canada-pour-soutenir-les-heros-invisibles-du-commerce-mondial-a-loccasion-de-la-journee-internationale-des-travailleurs\/#primaryimage"},"thumbnailUrl":"https:\/\/marinedelivers.com\/wp-content\/uploads\/2023\/08\/ACPALogo2007-F-scaled.jpg","datePublished":"2020-04-29T15:44:51+00:00","dateModified":"2023-08-31T17:45:13+00:00","breadcrumb":{"@id":"https:\/\/marinedelivers.com\/fr\/le-1er-mai-les-navires-actionneront-leurs-sirenes-au-canada-pour-soutenir-les-heros-invisibles-du-commerce-mondial-a-loccasion-de-la-journee-internationale-des-travailleurs\/#breadcrumb"},"inLanguage":"fr-FR","potentialAction":[{"@type":"ReadAction","target":["https:\/\/marinedelivers.com\/fr\/le-1er-mai-les-navires-actionneront-leurs-sirenes-au-canada-pour-soutenir-les-heros-invisibles-du-commerce-mondial-a-loccasion-de-la-journee-internationale-des-travailleurs\/"]}]},{"@type":"ImageObject","inLanguage":"fr-FR","@id":"https:\/\/marinedelivers.com\/fr\/le-1er-mai-les-navires-actionneront-leurs-sirenes-au-canada-pour-soutenir-les-heros-invisibles-du-commerce-mondial-a-loccasion-de-la-journee-internationale-des-travailleurs\/#primaryimage","url":"https:\/\/marinedelivers.com\/wp-content\/uploads\/2023\/08\/ACPALogo2007-F-scaled.jpg","contentUrl":"https:\/\/marinedelivers.com\/wp-content\/uploads\/2023\/08\/ACPALogo2007-F-scaled.jpg","width":2560,"height":1232},{"@type":"BreadcrumbList","@id":"https:\/\/marinedelivers.com\/fr\/le-1er-mai-les-navires-actionneront-leurs-sirenes-au-canada-pour-soutenir-les-heros-invisibles-du-commerce-mondial-a-loccasion-de-la-journee-internationale-des-travailleurs\/#breadcrumb","itemListElement":[{"@type":"ListItem","position":1,"name":"Home","item":"https:\/\/marinedelivers.com\/fr\/"},{"@type":"ListItem","position":2,"name":"Le 1er mai, les navires actionneront leurs sir\u00e8nes au Canada pour soutenir les \u00ab\u00a0h\u00e9ros invisibles du commerce mondial \u00bb \u00e0 l&#8217;occasion de la Journ\u00e9e internationale des travailleurs"}]},{"@type":"WebSite","@id":"https:\/\/marinedelivers.com\/fr\/#website","url":"https:\/\/marinedelivers.com\/fr\/","name":"Chambre de Commerce Maritime","description":"Marine delivers our exports to the world","publisher":{"@id":"https:\/\/marinedelivers.com\/fr\/#organization"},"potentialAction":[{"@type":"SearchAction","target":{"@type":"EntryPoint","urlTemplate":"https:\/\/marinedelivers.com\/fr\/?s={search_term_string}"},"query-input":{"@type":"PropertyValueSpecification","valueRequired":true,"valueName":"search_term_string"}}],"inLanguage":"fr-FR"},{"@type":"Organization","@id":"https:\/\/marinedelivers.com\/fr\/#organization","name":"Chamber of Marine Commerce","url":"https:\/\/marinedelivers.com\/fr\/","logo":{"@type":"ImageObject","inLanguage":"fr-FR","@id":"https:\/\/marinedelivers.com\/fr\/#\/schema\/logo\/image\/","url":"http:\/\/marinedelivers.com\/wp-content\/uploads\/2023\/07\/cmc-logo.svg","contentUrl":"http:\/\/marinedelivers.com\/wp-content\/uploads\/2023\/07\/cmc-logo.svg","width":1,"height":1,"caption":"Chamber of Marine Commerce"},"image":{"@id":"https:\/\/marinedelivers.com\/fr\/#\/schema\/logo\/image\/"},"sameAs":["https:\/\/www.facebook.com\/MarineDelivers\/","https:\/\/x.com\/marinedelivers"]},{"@type":"Person","@id":"https:\/\/marinedelivers.com\/fr\/#\/schema\/person\/32d56e1d06dc24f04008ed23211a3901","name":"Katie","image":{"@type":"ImageObject","inLanguage":"fr-FR","@id":"https:\/\/secure.gravatar.com\/avatar\/638496ca638254401e2c207b0517a4c1a34cd012253fbb3303df8ad62636c4f6?s=96&d=mm&r=g","url":"https:\/\/secure.gravatar.com\/avatar\/638496ca638254401e2c207b0517a4c1a34cd012253fbb3303df8ad62636c4f6?s=96&d=mm&r=g","contentUrl":"https:\/\/secure.gravatar.com\/avatar\/638496ca638254401e2c207b0517a4c1a34cd012253fbb3303df8ad62636c4f6?s=96&d=mm&r=g","caption":"Katie"},"url":"https:\/\/marinedelivers.com\/fr\/author\/katie\/"}]}},"_links":{"self":[{"href":"https:\/\/marinedelivers.com\/fr\/wp-json\/wp\/v2\/posts\/3432","targetHints":{"allow":["GET"]}}],"collection":[{"href":"https:\/\/marinedelivers.com\/fr\/wp-json\/wp\/v2\/posts"}],"about":[{"href":"https:\/\/marinedelivers.com\/fr\/wp-json\/wp\/v2\/types\/post"}],"author":[{"embeddable":true,"href":"https:\/\/marinedelivers.com\/fr\/wp-json\/wp\/v2\/users\/2"}],"replies":[{"embeddable":true,"href":"https:\/\/marinedelivers.com\/fr\/wp-json\/wp\/v2\/comments?post=3432"}],"version-history":[{"count":0,"href":"https:\/\/marinedelivers.com\/fr\/wp-json\/wp\/v2\/posts\/3432\/revisions"}],"wp:featuredmedia":[{"embeddable":true,"href":"https:\/\/marinedelivers.com\/fr\/wp-json\/wp\/v2\/media\/3435"}],"wp:attachment":[{"href":"https:\/\/marinedelivers.com\/fr\/wp-json\/wp\/v2\/media?parent=3432"}],"wp:term":[{"taxonomy":"category","embeddable":true,"href":"https:\/\/marinedelivers.com\/fr\/wp-json\/wp\/v2\/categories?post=3432"},{"taxonomy":"post_tag","embeddable":true,"href":"https:\/\/marinedelivers.com\/fr\/wp-json\/wp\/v2\/tags?post=3432"},{"taxonomy":"news-region","embeddable":true,"href":"https:\/\/marinedelivers.com\/fr\/wp-json\/wp\/v2\/news-region?post=3432"},{"taxonomy":"global-filter","embeddable":true,"href":"https:\/\/marinedelivers.com\/fr\/wp-json\/wp\/v2\/global-filter?post=3432"}],"curies":[{"name":"wp","href":"https:\/\/api.w.org\/{rel}","templated":true}]}}