{"id":3423,"date":"2019-10-16T14:30:02","date_gmt":"2019-10-16T18:30:02","guid":{"rendered":"http:\/\/localhost:10089\/le-volume-des-cargaisons-sur-la-voie-maritime-du-saint-laurent-plus-faible-en-septembre-en-raison-des-recoltes-tardives\/"},"modified":"2023-08-31T13:37:43","modified_gmt":"2023-08-31T17:37:43","slug":"le-volume-des-cargaisons-sur-la-voie-maritime-du-saint-laurent-plus-faible-en-septembre-en-raison-des-recoltes-tardives","status":"publish","type":"post","link":"https:\/\/marinedelivers.com\/fr\/le-volume-des-cargaisons-sur-la-voie-maritime-du-saint-laurent-plus-faible-en-septembre-en-raison-des-recoltes-tardives\/","title":{"rendered":"Le volume des cargaisons sur la Voie maritime du Saint-Laurent plus faible en septembre en raison des r\u00e9coltes tardives"},"content":{"rendered":"<p>Le 16 octobre 2019 \u2013 Les cargaisons ayant emprunt\u00e9 la Voie maritime du Saint-Laurent ont \u00e9t\u00e9 stimul\u00e9es en septembre gr\u00e2ce au sel de voirie, aux exportations de minerai de fer et aux marchandises g\u00e9n\u00e9rales, comme l\u2019aluminium et les composants pour \u00e9oliennes.<\/p>\n<p>Malgr\u00e9 tout, le volume des cargaisons a \u00e9t\u00e9 plus faible en partie en raison de la r\u00e9colte tardive dans les Prairies.<\/p>\n<p>Entre le 22 mars et le 30 septembre, les cargaisons ayant transit\u00e9 par la Voie maritime ont totalis\u00e9 24,8 millions de tonnes, en baisse de 6 pour cent par rapport \u00e0 2018.<\/p>\n<p>Ce chiffre refl\u00e8te diff\u00e9rents facteurs, incluant la baisse des exportations de c\u00e9r\u00e9ales aux \u00c9tats-Unis d\u00e8s le d\u00e9but du printemps et les retards que conna\u00eet pr\u00e9sentement la r\u00e9colte canadienne en raison de l\u2019humidit\u00e9 des sols.<\/p>\n<p>La lenteur de la r\u00e9colte dans l\u2019Ouest canadien retarde les mouvements de c\u00e9r\u00e9ales vers les \u00e9l\u00e9vateurs \u00e0 grains des Prairies et les terminaux d\u2019exportation sur la c\u00f4te ouest et \u00e0 Thunder Bay.\u00a0\u00a0 Puisqu\u2019on estime que les r\u00e9coltes accusent un retard de 20 \u00e0 30 pour cent par rapport \u00e0 ce qu\u2019elles seraient normalement, on s\u2019attend \u00e0 une hausse des exportations tard cet automne et en d\u00e9cembre.<\/p>\n<p>Terence Bowles, pr\u00e9sident et chef de la direction de la Corporation de Gestion de la Voie Maritime du Saint-Laurent, a d\u00e9clar\u00e9 \u00ab Le niveau d\u2019activit\u00e9s sur la Voie maritime reste intense quant au nombre de navires canadiens et oc\u00e9aniques qui fr\u00e9quentent pr\u00e9sentement le syst\u00e8me. Alors que le dernier trimestre de l\u2019ann\u00e9e donne lieu \u00e0 une explosion des activit\u00e9s de transport maritime, nous esp\u00e9rons assister \u00e0 une demande stable tout au long des mois d\u2019octobre, novembre et d\u00e9cembre alors que les transporteurs de produits industriels et agricoles s\u2019efforcent de r\u00e9pondre aux demandes de leurs clients. Malgr\u00e9 les intemp\u00e9ries qui ont frapp\u00e9 l\u2019Ouest canadien, on devrait assister \u00e0 une hausse des volumes au moment o\u00f9 la r\u00e9colte de c\u00e9r\u00e9ales fera son arriv\u00e9e sur le march\u00e9.\u00bb<\/p>\n<p>Les cargaisons de lingots d&rsquo;aluminium que le Canada achemine vers les \u00c9tats-Unis restent en hausse par rapport \u00e0 2018 apr\u00e8s la lev\u00e9e des tarifs am\u00e9ricains l\u2019an dernier, alors que le vrac solide demeure une cat\u00e9gorie importante en raison des cargaisons de sel.<\/p>\n<p>Malgr\u00e9 la r\u00e9colte tardive dans les Prairies, le mois de septembre a \u00e9t\u00e9 plus que reluisant au port de Thunder Bay o\u00f9 les cargaisons \u00e0 ce jour ont atteint 5,9 millions de tonnes m\u00e9triques, soit 9 pour cent de plus que l\u2019an dernier.<\/p>\n<p>\u00ab\u00a0Les cargaisons de c\u00e9r\u00e9ales ont suivi une tendance \u00e0 la hausse cette saison en raison de l&rsquo;augmentation des livraisons de canola de l\u2019Ouest canadien achemin\u00e9es en direction de l\u2019Europe,\u00a0\u00bb de dire Tim Heney, PDG de l&rsquo;administration portuaire de Thunder Bay. Il ajoute que le volume total de canola \u00e0 ce jour exc\u00e8de des deux tiers ce qu\u2019il \u00e9tait en 2018.<\/p>\n<p>Les cargaisons cumulatives \u00e0 Thunder Bay en septembre ont atteint 1,1 million de tonnes m\u00e9triques, soit pr\u00e8s de 20 pour cent de plus que l\u2019an dernier. Une augmentation des cargaisons de charbon a contribu\u00e9 \u00e0 compenser un retour aux volumes normaux de potasse cette saison. Pendant ce temps, une p\u00e9riode de pointe en ce qui concerne les autres types de vrac sec est principalement attribuable aux livraisons de sel pour l&rsquo;entretien des routes r\u00e9gionales en hiver.<\/p>\n<p>Dans les ports de la HOPA (administration portuaire de Hamilton-Oshawa), on sent un vent d\u2019optimisme attribuable aux cargaisons de nouveaux produits dans le domaine agroalimentaire. \u00a0Au port d\u2019Oshawa, on s\u2019attend \u00e0 ce qu\u2019un nouveau terminal d\u2019exportation de c\u00e9r\u00e9ales d\u2019une valeur de 6 millions de dollars, que Sollio Agriculture et QSL sont pr\u00e9sentement en train de construire, livre ses premi\u00e8res exportations de c\u00e9r\u00e9ales cultiv\u00e9es en Ontario cet automne. \u00ab\u00a0Ce nouveau terminal repr\u00e9sentera une am\u00e9lioration consid\u00e9rable des services pour les producteurs de c\u00e9r\u00e9ales \u00e0 l\u2019est de Toronto. On franchit ainsi une \u00e9tape majeure en diversifiant l\u2019\u00e9ventail des cargaisons qui transitent par le port d\u2019Oshawa,\u00a0\u00bb de dire Ian Hamilton, pr\u00e9sident et chef de la direction de HOPA Ports.\u00a0 Au port de Hamilton, les importations de sucre brut ont d\u00e9j\u00e0 d\u00e9pass\u00e9 les 30\u00a0000 millions de tonnes cette saison, alors qu\u2019elles alimentent la raffinerie de sucre SucroCan qu\u2019on vient d\u2019agrandir et qui est situ\u00e9e dans le port. Cette installation est d\u00e9j\u00e0 profond\u00e9ment int\u00e9gr\u00e9e \u00e0 la cha\u00eene d&rsquo;approvisionnement dans le domaine de la transformation des aliments \u00e0 l&rsquo;\u00e9chelle r\u00e9gionale de Hamilton, d&rsquo;une valeur de 1 milliard de dollars, qui constitue un exemple d\u2019entreprises \u00e0 valeur ajout\u00e9e que le port a attir\u00e9es au cours des derni\u00e8res ann\u00e9es.<\/p>\n<p>Le port de Johnstown a connu un mois de septembre fort occup\u00e9 en accueillant des navires transportant du sel de voirie, des composants pour \u00e9oliennes et des poutres d\u2019acier.<\/p>\n<p>Les cargaisons totales sont en hausse de 21 pour cent cette saison par rapport \u00e0 2018, alors qu\u2019on attribue l&rsquo;augmentation aux livraisons de sel et de composants pour \u00e9oliennes. Les navires ont transport\u00e9 en tout 523\u00a0577 tonnes de marchandises comparativement \u00e0 432\u00a0268 tonnes en 2018.<\/p>\n<p>Robert Dalley, directeur g\u00e9n\u00e9ral du Port de Johnstown, a d\u00e9clar\u00e9\u00a0: \u00ab\u00a0Dans l&rsquo;ensemble, nous avons connu un troisi\u00e8me trimestre int\u00e9ressant. Cependant, les mouvements de c\u00e9r\u00e9ales transport\u00e9es \u00e0 bord de navires restent inchang\u00e9s et on pr\u00e9voit que tel sera le cas jusqu\u2019\u00e0 la r\u00e9colte de 2019, alors que les ventes de soja continuent de souffrir des pratiques commerciales actuelles \u00e0 l&rsquo;\u00e9chelle mondiale.\u00a0\u00bb<\/p>\n<p>McKeil Marine, l\u2019armateur de Burlington, a d\u00e9clar\u00e9 avoir transport\u00e9 tout pr\u00e8s de 80\u00a0000 tonnes de ciment en septembre, ainsi que pr\u00e8s de 53\u00a0000 tonnes d\u2019agr\u00e9gats et environ 44\u00a0500 tonnes d&rsquo;aluminium. Le Groupe CSL, une entreprise de transport maritime bas\u00e9e \u00e0 Montr\u00e9al, d\u00e9clare avoir transport\u00e9 1\u00a0669\u00a0745 tonnes m\u00e9triques de marchandises en septembre.<\/p>\n<p>###<\/p>\n<p><strong>Flickr &#8211; <\/strong>T\u00e9l\u00e9chargez des photos du transport maritime sur les Grands Lacs et la voie maritime du Saint-Laurent:<\/p>\n<p><a data-flickr-embed='true' href='https:\/\/www.flickr.com\/photos\/marinecommerce\/albums\/72157657049769546' title='Great Lakes-Seaway shipping photos by Chamber of Marine Commerce, on Flickr'><img src='https:\/\/live.staticflickr.com\/1957\/30409205907_faa450c7bd.jpg' width='800' height='600' alt='Algoma Sault and Equinox'><\/a><script async src='https:\/\/embedr.flickr.com\/assets\/client-code.js' charset='utf-8'><\/script><\/p>\n<p>\u00a0<\/p>\n<p><strong>Au sujet de la <\/strong><a href=\"http:\/\/www.localhost:10089\/\"><strong>Chambre de commerce maritime<\/strong><\/a><\/p>\n<p>La Chambre de commerce maritime est une association binationale qui repr\u00e9sente au-del\u00e0 de 130 intervenants de l\u2019industrie maritime, incluant des exp\u00e9diteurs canadiens et am\u00e9ricains d\u2019importance, des ports, des terminaux, ainsi que des fournisseurs de services maritimes et des propri\u00e9taires de navires canadiens et \u00e9trangers. La Chambre d\u00e9fend une politique et une r\u00e9glementation s\u00e9curitaires, durables, harmonis\u00e9es et concurrentielles qui reconnaissent les avantages consid\u00e9rables du syst\u00e8me de transport maritime sur les Grands Lacs, sur le Saint-Laurent, ainsi que dans les r\u00e9gions c\u00f4ti\u00e8res et arctiques.<\/p>\n<p><strong>Relations avec les m\u00e9dias\u00a0:<\/strong><\/p>\n<p>Julia Fields<\/p>\n<p>Chambre de commerce maritime<\/p>\n<p>jfields@cmc-ccm.com<\/p>\n<p>(613) 294-8515<\/p>\n","protected":false},"excerpt":{"rendered":"<p>Le 16 octobre 2019 \u2013 Les cargaisons ayant emprunt\u00e9 la&#8230;<\/p>\n","protected":false},"author":2,"featured_media":0,"comment_status":"closed","ping_status":"closed","sticky":false,"template":"","format":"standard","meta":{"_acf_changed":false,"footnotes":""},"categories":[2],"tags":[],"news-region":[87],"global-filter":[],"class_list":["post-3423","post","type-post","status-publish","format-standard","hentry","category-media-release","news-region-canadian-media"],"acf":[],"yoast_head":"<!-- This site is optimized with the Yoast SEO plugin v27.3 - https:\/\/yoast.com\/product\/yoast-seo-wordpress\/ -->\n<title>Le volume des cargaisons sur la Voie maritime du Saint-Laurent plus faible en septembre en raison des r\u00e9coltes tardives - Chambre de Commerce Maritime<\/title>\n<meta name=\"robots\" content=\"index, follow, max-snippet:-1, max-image-preview:large, max-video-preview:-1\" \/>\n<link rel=\"canonical\" href=\"https:\/\/marinedelivers.com\/fr\/le-volume-des-cargaisons-sur-la-voie-maritime-du-saint-laurent-plus-faible-en-septembre-en-raison-des-recoltes-tardives\/\" \/>\n<meta property=\"og:locale\" content=\"fr_FR\" \/>\n<meta property=\"og:type\" content=\"article\" \/>\n<meta property=\"og:title\" content=\"Le volume des cargaisons sur la Voie maritime du Saint-Laurent plus faible en septembre en raison des r\u00e9coltes tardives - Chambre de Commerce Maritime\" \/>\n<meta property=\"og:description\" content=\"Le 16 octobre 2019 \u2013 Les cargaisons ayant emprunt\u00e9 la...\" \/>\n<meta property=\"og:url\" content=\"https:\/\/marinedelivers.com\/fr\/le-volume-des-cargaisons-sur-la-voie-maritime-du-saint-laurent-plus-faible-en-septembre-en-raison-des-recoltes-tardives\/\" \/>\n<meta property=\"og:site_name\" content=\"Chambre de Commerce Maritime\" \/>\n<meta property=\"article:publisher\" content=\"https:\/\/www.facebook.com\/MarineDelivers\/\" \/>\n<meta property=\"article:published_time\" content=\"2019-10-16T18:30:02+00:00\" \/>\n<meta property=\"article:modified_time\" content=\"2023-08-31T17:37:43+00:00\" \/>\n<meta name=\"author\" content=\"Katie\" \/>\n<meta name=\"twitter:card\" content=\"summary_large_image\" \/>\n<meta name=\"twitter:creator\" content=\"@marinedelivers\" \/>\n<meta name=\"twitter:site\" content=\"@marinedelivers\" \/>\n<meta name=\"twitter:label1\" content=\"\u00c9crit par\" \/>\n\t<meta name=\"twitter:data1\" content=\"Katie\" \/>\n\t<meta name=\"twitter:label2\" content=\"Dur\u00e9e de lecture estim\u00e9e\" \/>\n\t<meta name=\"twitter:data2\" content=\"6 minutes\" \/>\n<script type=\"application\/ld+json\" class=\"yoast-schema-graph\">{\"@context\":\"https:\\\/\\\/schema.org\",\"@graph\":[{\"@type\":\"Article\",\"@id\":\"https:\\\/\\\/marinedelivers.com\\\/fr\\\/le-volume-des-cargaisons-sur-la-voie-maritime-du-saint-laurent-plus-faible-en-septembre-en-raison-des-recoltes-tardives\\\/#article\",\"isPartOf\":{\"@id\":\"https:\\\/\\\/marinedelivers.com\\\/fr\\\/le-volume-des-cargaisons-sur-la-voie-maritime-du-saint-laurent-plus-faible-en-septembre-en-raison-des-recoltes-tardives\\\/\"},\"author\":{\"name\":\"Katie\",\"@id\":\"https:\\\/\\\/marinedelivers.com\\\/fr\\\/#\\\/schema\\\/person\\\/32d56e1d06dc24f04008ed23211a3901\"},\"headline\":\"Le volume des cargaisons sur la Voie maritime du Saint-Laurent plus faible en septembre en raison des r\u00e9coltes tardives\",\"datePublished\":\"2019-10-16T18:30:02+00:00\",\"dateModified\":\"2023-08-31T17:37:43+00:00\",\"mainEntityOfPage\":{\"@id\":\"https:\\\/\\\/marinedelivers.com\\\/fr\\\/le-volume-des-cargaisons-sur-la-voie-maritime-du-saint-laurent-plus-faible-en-septembre-en-raison-des-recoltes-tardives\\\/\"},\"wordCount\":1177,\"publisher\":{\"@id\":\"https:\\\/\\\/marinedelivers.com\\\/fr\\\/#organization\"},\"articleSection\":[\"Media Release\"],\"inLanguage\":\"fr-FR\"},{\"@type\":\"WebPage\",\"@id\":\"https:\\\/\\\/marinedelivers.com\\\/fr\\\/le-volume-des-cargaisons-sur-la-voie-maritime-du-saint-laurent-plus-faible-en-septembre-en-raison-des-recoltes-tardives\\\/\",\"url\":\"https:\\\/\\\/marinedelivers.com\\\/fr\\\/le-volume-des-cargaisons-sur-la-voie-maritime-du-saint-laurent-plus-faible-en-septembre-en-raison-des-recoltes-tardives\\\/\",\"name\":\"Le volume des cargaisons sur la Voie maritime du Saint-Laurent plus faible en septembre en raison des r\u00e9coltes tardives - Chambre de Commerce Maritime\",\"isPartOf\":{\"@id\":\"https:\\\/\\\/marinedelivers.com\\\/fr\\\/#website\"},\"datePublished\":\"2019-10-16T18:30:02+00:00\",\"dateModified\":\"2023-08-31T17:37:43+00:00\",\"breadcrumb\":{\"@id\":\"https:\\\/\\\/marinedelivers.com\\\/fr\\\/le-volume-des-cargaisons-sur-la-voie-maritime-du-saint-laurent-plus-faible-en-septembre-en-raison-des-recoltes-tardives\\\/#breadcrumb\"},\"inLanguage\":\"fr-FR\",\"potentialAction\":[{\"@type\":\"ReadAction\",\"target\":[\"https:\\\/\\\/marinedelivers.com\\\/fr\\\/le-volume-des-cargaisons-sur-la-voie-maritime-du-saint-laurent-plus-faible-en-septembre-en-raison-des-recoltes-tardives\\\/\"]}]},{\"@type\":\"BreadcrumbList\",\"@id\":\"https:\\\/\\\/marinedelivers.com\\\/fr\\\/le-volume-des-cargaisons-sur-la-voie-maritime-du-saint-laurent-plus-faible-en-septembre-en-raison-des-recoltes-tardives\\\/#breadcrumb\",\"itemListElement\":[{\"@type\":\"ListItem\",\"position\":1,\"name\":\"Home\",\"item\":\"https:\\\/\\\/marinedelivers.com\\\/fr\\\/\"},{\"@type\":\"ListItem\",\"position\":2,\"name\":\"Le volume des cargaisons sur la Voie maritime du Saint-Laurent plus faible en septembre en raison des r\u00e9coltes tardives\"}]},{\"@type\":\"WebSite\",\"@id\":\"https:\\\/\\\/marinedelivers.com\\\/fr\\\/#website\",\"url\":\"https:\\\/\\\/marinedelivers.com\\\/fr\\\/\",\"name\":\"Chambre de Commerce Maritime\",\"description\":\"Marine delivers our exports to the world\",\"publisher\":{\"@id\":\"https:\\\/\\\/marinedelivers.com\\\/fr\\\/#organization\"},\"potentialAction\":[{\"@type\":\"SearchAction\",\"target\":{\"@type\":\"EntryPoint\",\"urlTemplate\":\"https:\\\/\\\/marinedelivers.com\\\/fr\\\/?s={search_term_string}\"},\"query-input\":{\"@type\":\"PropertyValueSpecification\",\"valueRequired\":true,\"valueName\":\"search_term_string\"}}],\"inLanguage\":\"fr-FR\"},{\"@type\":\"Organization\",\"@id\":\"https:\\\/\\\/marinedelivers.com\\\/fr\\\/#organization\",\"name\":\"Chamber of Marine Commerce\",\"url\":\"https:\\\/\\\/marinedelivers.com\\\/fr\\\/\",\"logo\":{\"@type\":\"ImageObject\",\"inLanguage\":\"fr-FR\",\"@id\":\"https:\\\/\\\/marinedelivers.com\\\/fr\\\/#\\\/schema\\\/logo\\\/image\\\/\",\"url\":\"http:\\\/\\\/marinedelivers.com\\\/wp-content\\\/uploads\\\/2023\\\/07\\\/cmc-logo.svg\",\"contentUrl\":\"http:\\\/\\\/marinedelivers.com\\\/wp-content\\\/uploads\\\/2023\\\/07\\\/cmc-logo.svg\",\"width\":1,\"height\":1,\"caption\":\"Chamber of Marine Commerce\"},\"image\":{\"@id\":\"https:\\\/\\\/marinedelivers.com\\\/fr\\\/#\\\/schema\\\/logo\\\/image\\\/\"},\"sameAs\":[\"https:\\\/\\\/www.facebook.com\\\/MarineDelivers\\\/\",\"https:\\\/\\\/x.com\\\/marinedelivers\"]},{\"@type\":\"Person\",\"@id\":\"https:\\\/\\\/marinedelivers.com\\\/fr\\\/#\\\/schema\\\/person\\\/32d56e1d06dc24f04008ed23211a3901\",\"name\":\"Katie\",\"image\":{\"@type\":\"ImageObject\",\"inLanguage\":\"fr-FR\",\"@id\":\"https:\\\/\\\/secure.gravatar.com\\\/avatar\\\/638496ca638254401e2c207b0517a4c1a34cd012253fbb3303df8ad62636c4f6?s=96&d=mm&r=g\",\"url\":\"https:\\\/\\\/secure.gravatar.com\\\/avatar\\\/638496ca638254401e2c207b0517a4c1a34cd012253fbb3303df8ad62636c4f6?s=96&d=mm&r=g\",\"contentUrl\":\"https:\\\/\\\/secure.gravatar.com\\\/avatar\\\/638496ca638254401e2c207b0517a4c1a34cd012253fbb3303df8ad62636c4f6?s=96&d=mm&r=g\",\"caption\":\"Katie\"},\"url\":\"https:\\\/\\\/marinedelivers.com\\\/fr\\\/author\\\/katie\\\/\"}]}<\/script>\n<!-- \/ Yoast SEO plugin. -->","yoast_head_json":{"title":"Le volume des cargaisons sur la Voie maritime du Saint-Laurent plus faible en septembre en raison des r\u00e9coltes tardives - Chambre de Commerce Maritime","robots":{"index":"index","follow":"follow","max-snippet":"max-snippet:-1","max-image-preview":"max-image-preview:large","max-video-preview":"max-video-preview:-1"},"canonical":"https:\/\/marinedelivers.com\/fr\/le-volume-des-cargaisons-sur-la-voie-maritime-du-saint-laurent-plus-faible-en-septembre-en-raison-des-recoltes-tardives\/","og_locale":"fr_FR","og_type":"article","og_title":"Le volume des cargaisons sur la Voie maritime du Saint-Laurent plus faible en septembre en raison des r\u00e9coltes tardives - Chambre de Commerce Maritime","og_description":"Le 16 octobre 2019 \u2013 Les cargaisons ayant emprunt\u00e9 la...","og_url":"https:\/\/marinedelivers.com\/fr\/le-volume-des-cargaisons-sur-la-voie-maritime-du-saint-laurent-plus-faible-en-septembre-en-raison-des-recoltes-tardives\/","og_site_name":"Chambre de Commerce Maritime","article_publisher":"https:\/\/www.facebook.com\/MarineDelivers\/","article_published_time":"2019-10-16T18:30:02+00:00","article_modified_time":"2023-08-31T17:37:43+00:00","author":"Katie","twitter_card":"summary_large_image","twitter_creator":"@marinedelivers","twitter_site":"@marinedelivers","twitter_misc":{"\u00c9crit par":"Katie","Dur\u00e9e de lecture estim\u00e9e":"6 minutes"},"schema":{"@context":"https:\/\/schema.org","@graph":[{"@type":"Article","@id":"https:\/\/marinedelivers.com\/fr\/le-volume-des-cargaisons-sur-la-voie-maritime-du-saint-laurent-plus-faible-en-septembre-en-raison-des-recoltes-tardives\/#article","isPartOf":{"@id":"https:\/\/marinedelivers.com\/fr\/le-volume-des-cargaisons-sur-la-voie-maritime-du-saint-laurent-plus-faible-en-septembre-en-raison-des-recoltes-tardives\/"},"author":{"name":"Katie","@id":"https:\/\/marinedelivers.com\/fr\/#\/schema\/person\/32d56e1d06dc24f04008ed23211a3901"},"headline":"Le volume des cargaisons sur la Voie maritime du Saint-Laurent plus faible en septembre en raison des r\u00e9coltes tardives","datePublished":"2019-10-16T18:30:02+00:00","dateModified":"2023-08-31T17:37:43+00:00","mainEntityOfPage":{"@id":"https:\/\/marinedelivers.com\/fr\/le-volume-des-cargaisons-sur-la-voie-maritime-du-saint-laurent-plus-faible-en-septembre-en-raison-des-recoltes-tardives\/"},"wordCount":1177,"publisher":{"@id":"https:\/\/marinedelivers.com\/fr\/#organization"},"articleSection":["Media Release"],"inLanguage":"fr-FR"},{"@type":"WebPage","@id":"https:\/\/marinedelivers.com\/fr\/le-volume-des-cargaisons-sur-la-voie-maritime-du-saint-laurent-plus-faible-en-septembre-en-raison-des-recoltes-tardives\/","url":"https:\/\/marinedelivers.com\/fr\/le-volume-des-cargaisons-sur-la-voie-maritime-du-saint-laurent-plus-faible-en-septembre-en-raison-des-recoltes-tardives\/","name":"Le volume des cargaisons sur la Voie maritime du Saint-Laurent plus faible en septembre en raison des r\u00e9coltes tardives - Chambre de Commerce Maritime","isPartOf":{"@id":"https:\/\/marinedelivers.com\/fr\/#website"},"datePublished":"2019-10-16T18:30:02+00:00","dateModified":"2023-08-31T17:37:43+00:00","breadcrumb":{"@id":"https:\/\/marinedelivers.com\/fr\/le-volume-des-cargaisons-sur-la-voie-maritime-du-saint-laurent-plus-faible-en-septembre-en-raison-des-recoltes-tardives\/#breadcrumb"},"inLanguage":"fr-FR","potentialAction":[{"@type":"ReadAction","target":["https:\/\/marinedelivers.com\/fr\/le-volume-des-cargaisons-sur-la-voie-maritime-du-saint-laurent-plus-faible-en-septembre-en-raison-des-recoltes-tardives\/"]}]},{"@type":"BreadcrumbList","@id":"https:\/\/marinedelivers.com\/fr\/le-volume-des-cargaisons-sur-la-voie-maritime-du-saint-laurent-plus-faible-en-septembre-en-raison-des-recoltes-tardives\/#breadcrumb","itemListElement":[{"@type":"ListItem","position":1,"name":"Home","item":"https:\/\/marinedelivers.com\/fr\/"},{"@type":"ListItem","position":2,"name":"Le volume des cargaisons sur la Voie maritime du Saint-Laurent plus faible en septembre en raison des r\u00e9coltes tardives"}]},{"@type":"WebSite","@id":"https:\/\/marinedelivers.com\/fr\/#website","url":"https:\/\/marinedelivers.com\/fr\/","name":"Chambre de Commerce Maritime","description":"Marine delivers our exports to the world","publisher":{"@id":"https:\/\/marinedelivers.com\/fr\/#organization"},"potentialAction":[{"@type":"SearchAction","target":{"@type":"EntryPoint","urlTemplate":"https:\/\/marinedelivers.com\/fr\/?s={search_term_string}"},"query-input":{"@type":"PropertyValueSpecification","valueRequired":true,"valueName":"search_term_string"}}],"inLanguage":"fr-FR"},{"@type":"Organization","@id":"https:\/\/marinedelivers.com\/fr\/#organization","name":"Chamber of Marine Commerce","url":"https:\/\/marinedelivers.com\/fr\/","logo":{"@type":"ImageObject","inLanguage":"fr-FR","@id":"https:\/\/marinedelivers.com\/fr\/#\/schema\/logo\/image\/","url":"http:\/\/marinedelivers.com\/wp-content\/uploads\/2023\/07\/cmc-logo.svg","contentUrl":"http:\/\/marinedelivers.com\/wp-content\/uploads\/2023\/07\/cmc-logo.svg","width":1,"height":1,"caption":"Chamber of Marine Commerce"},"image":{"@id":"https:\/\/marinedelivers.com\/fr\/#\/schema\/logo\/image\/"},"sameAs":["https:\/\/www.facebook.com\/MarineDelivers\/","https:\/\/x.com\/marinedelivers"]},{"@type":"Person","@id":"https:\/\/marinedelivers.com\/fr\/#\/schema\/person\/32d56e1d06dc24f04008ed23211a3901","name":"Katie","image":{"@type":"ImageObject","inLanguage":"fr-FR","@id":"https:\/\/secure.gravatar.com\/avatar\/638496ca638254401e2c207b0517a4c1a34cd012253fbb3303df8ad62636c4f6?s=96&d=mm&r=g","url":"https:\/\/secure.gravatar.com\/avatar\/638496ca638254401e2c207b0517a4c1a34cd012253fbb3303df8ad62636c4f6?s=96&d=mm&r=g","contentUrl":"https:\/\/secure.gravatar.com\/avatar\/638496ca638254401e2c207b0517a4c1a34cd012253fbb3303df8ad62636c4f6?s=96&d=mm&r=g","caption":"Katie"},"url":"https:\/\/marinedelivers.com\/fr\/author\/katie\/"}]}},"_links":{"self":[{"href":"https:\/\/marinedelivers.com\/fr\/wp-json\/wp\/v2\/posts\/3423","targetHints":{"allow":["GET"]}}],"collection":[{"href":"https:\/\/marinedelivers.com\/fr\/wp-json\/wp\/v2\/posts"}],"about":[{"href":"https:\/\/marinedelivers.com\/fr\/wp-json\/wp\/v2\/types\/post"}],"author":[{"embeddable":true,"href":"https:\/\/marinedelivers.com\/fr\/wp-json\/wp\/v2\/users\/2"}],"replies":[{"embeddable":true,"href":"https:\/\/marinedelivers.com\/fr\/wp-json\/wp\/v2\/comments?post=3423"}],"version-history":[{"count":0,"href":"https:\/\/marinedelivers.com\/fr\/wp-json\/wp\/v2\/posts\/3423\/revisions"}],"wp:attachment":[{"href":"https:\/\/marinedelivers.com\/fr\/wp-json\/wp\/v2\/media?parent=3423"}],"wp:term":[{"taxonomy":"category","embeddable":true,"href":"https:\/\/marinedelivers.com\/fr\/wp-json\/wp\/v2\/categories?post=3423"},{"taxonomy":"post_tag","embeddable":true,"href":"https:\/\/marinedelivers.com\/fr\/wp-json\/wp\/v2\/tags?post=3423"},{"taxonomy":"news-region","embeddable":true,"href":"https:\/\/marinedelivers.com\/fr\/wp-json\/wp\/v2\/news-region?post=3423"},{"taxonomy":"global-filter","embeddable":true,"href":"https:\/\/marinedelivers.com\/fr\/wp-json\/wp\/v2\/global-filter?post=3423"}],"curies":[{"name":"wp","href":"https:\/\/api.w.org\/{rel}","templated":true}]}}