{"id":3411,"date":"2019-04-02T16:24:07","date_gmt":"2019-04-02T20:24:07","guid":{"rendered":"http:\/\/localhost:10089\/declaration-de-la-chambre-de-commerce-maritime-sur-les-nouvelles-mesures-prises-par-le-gouvernement-afin-de-proteger-la-baleine-franche-dans-latlantique-nord\/"},"modified":"2023-08-31T13:37:39","modified_gmt":"2023-08-31T17:37:39","slug":"declaration-de-la-chambre-de-commerce-maritime-sur-les-nouvelles-mesures-prises-par-le-gouvernement-afin-de-proteger-la-baleine-franche-dans-latlantique-nord","status":"publish","type":"post","link":"https:\/\/marinedelivers.com\/fr\/declaration-de-la-chambre-de-commerce-maritime-sur-les-nouvelles-mesures-prises-par-le-gouvernement-afin-de-proteger-la-baleine-franche-dans-latlantique-nord\/","title":{"rendered":"D\u00e9claration de la Chambre de commerce maritime sur les nouvelles mesures prises par le gouvernement afin de prot\u00e9ger la baleine franche dans l\u2019Atlantique Nord"},"content":{"rendered":"<p>Le 7 f\u00e9vrier 2019 \u2013 La Chambre de commerce maritime publie la d\u00e9claration suivante en r\u00e9ponse \u00e0 l\u2019annonce faite aujourd&rsquo;hui par Transports Canada et P\u00eaches et Oc\u00e9ans Canada sur les mesures d&rsquo;att\u00e9nuation prises dans le golfe Saint-Laurent pour aider \u00e0 prot\u00e9ger la baleine franche dans l\u2019Atlantique Nord.<\/p>\n<p>Bruce Burrows, pr\u00e9sident de la Chambre de commerce maritime a d\u00e9clar\u00e9\u00a0: \u00ab\u00a0Nous sommes ravis que le gouvernement ait apport\u00e9 certaines am\u00e9liorations aux mesures d\u2019att\u00e9nuation prises cette ann\u00e9e pour continuer de prot\u00e9ger les baleines franches en p\u00e9ril en plus d\u2019assurer une livraison plus efficace des denr\u00e9es aux communaut\u00e9s environnantes qui d\u00e9pendent du transport maritime. Ces changements permettront aux navires de se d\u00e9placer sans limite de vitesse \u00e0 l&rsquo;int\u00e9rieur de deux zones de transport maritime additionnelles, mais uniquement si la surveillance continue de d\u00e9montrer qu\u2019on n\u2019y trouve aucune baleine franche.\u00a0\u00bb<\/p>\n<p>\u00ab\u00a0La collaboration entre l\u2019industrie, le milieu universitaire et le gouvernement dans ce dossier important s\u2019est r\u00e9v\u00e9l\u00e9e tr\u00e8s concluante \u00e0 ce jour. Aucune baleine n\u2019a \u00e9t\u00e9 aper\u00e7ue \u00e0 l&rsquo;int\u00e9rieur de ces zones de transport maritime dynamique au cours de la saison du transport maritime de 2018 et on ne signale aucune collision connue d\u2019un navire avec une baleine franche. Nous continuons d\u2019unir nos efforts afin de surveiller l\u2019\u00e9volution de ces mesures et pour am\u00e9liorer les m\u00e9thodes de surveillance des baleines. Nous attendons avec impatience de voir les r\u00e9sultats des essais de surveillance par drones et des planeurs acoustiques que m\u00e8nera le gouvernement au cours de la prochaine saison.\u00a0\u00bb<\/p>\n<p>L\u2019an dernier, des ralentissements \u00e9taient en vigueur \u00e0 l&rsquo;int\u00e9rieur d\u2019une ou de plusieurs des zones dynamiques environ 20 pour cent du temps, et ce, principalement parce qu\u2019on n\u2019a pu effectuer de surveillance en raison de la m\u00e9t\u00e9o ou autre. La Chambre de commerce maritime et d\u2019autres organisations maritimes esp\u00e8rent qu\u2019on pourra r\u00e9duire ce pourcentage \u00e0 l\u2019avenir.<\/p>\n<p>\u00ab\u00a0Le ralentissement entra\u00eene inutilement une augmentation des co\u00fbts et des d\u00e9fis, en particulier pour les navires qui pr\u00e9sentent un \u00e9ch\u00e9ancier strict lorsqu\u2019ils doivent approvisionner les communaut\u00e9s habitant sur la rive nord du Qu\u00e9bec, mais \u00e9galement pour d\u2019autres moyens de transport \u2013 allant des cargaisons en vrac qu\u2019on doit livrer juste \u00e0 temps, en passant par les itin\u00e9raires des navires de croisi\u00e8re,\u00a0\u00bb d\u2019expliquer Burrows.<\/p>\n<p>Les ralentissements prolongent les d\u00e9placements, mais ils peuvent \u00e9galement entra\u00eener une r\u00e9action en cha\u00eene. \u00ab\u00a0Si un navire rate un service de pilotage, d\u2019arrimage ou autre dans les ports, il rencontrera d\u2019autres d\u00e9lais et pourrait devoir verser des frais de retard et\/ou des co\u00fbts de temps suppl\u00e9mentaire.\u00a0\u00bb<\/p>\n<p><strong>Record de collaboration<\/strong><\/p>\n<p>\u00c9tant les principaux utilisateurs des eaux dans l\u2019Atlantique Nord, les propri\u00e9taires de navires participent depuis longtemps \u00e0 la recherche et d\u2019autres efforts visant \u00e0 prot\u00e9ger la faune et l\u2019habitat marins. L\u2019industrie du transport maritime r\u00e9duit la vitesse et modifie les itin\u00e9raires dans les habitats essentiels aux baleines, recueille r\u00e9guli\u00e8rement des donn\u00e9es importantes pour les scientifiques et contribue aux essais de technologies nouvelles, comme le syst\u00e8me de signalement pr\u00e9coce de la pr\u00e9sence de baleines, dont un groupe de scientifiques de l\u2019Universit\u00e9 Dalhousie proc\u00e8de pr\u00e9sentement \u00e0 l\u2019\u00e9laboration.<\/p>\n<p>Les mesures qu\u2019on a prises par le pass\u00e9 dans les habitats critiques, par exemple, dans la baie de Fundy en 2003, ont r\u00e9duit consid\u00e9rablement la menace de collisions entre des navires et des baleines franches dans l\u2019Atlantique Nord. Dans la baie de Fundy, les changements apport\u00e9s au couloir de navigation par l&rsquo;entremise de l\u2019Organisation maritime internationale (OMI) se sont r\u00e9v\u00e9l\u00e9s concluants. Une analyse a permis de constater une r\u00e9duction totale de 62\u00a0% du risque en d\u00e9pla\u00e7ant le couloir et une augmentation de 1,4 % du temps de d\u00e9placement des navires, alors qu\u2019un ralentissement aurait permis de r\u00e9duire le risque d\u2019\u00e0 peine 52\u00a0% en augmentant le temps de d\u00e9placement de 20\u00a0%. Dans la r\u00e9gion o\u00f9 les baleines ont l\u2019habitude de se regrouper, les d\u00e9placements de couloirs ont r\u00e9duit le risque de 90\u00a0%.<\/p>\n<p><strong>Au sujet de la <\/strong><a href=\"http:\/\/www.localhost:10089\"><strong>Chambre de commerce maritime<\/strong><\/a><\/p>\n<p>La Chambre de commerce maritime est une association binationale qui repr\u00e9sente au-del\u00e0 de 130 intervenants de l\u2019industrie maritime, incluant des exp\u00e9diteurs canadiens et am\u00e9ricains d\u2019importance, des ports, des terminaux, ainsi que des fournisseurs de services maritimes et des propri\u00e9taires de navires canadiens et \u00e9trangers. La Chambre d\u00e9fend une politique et une r\u00e9glementation s\u00e9curitaires, durables, harmonis\u00e9es et concurrentielles qui reconnaissent les avantages consid\u00e9rables du syst\u00e8me de transport maritime sur les Grands Lacs, sur le Saint-Laurent, ainsi que dans les r\u00e9gions c\u00f4ti\u00e8res et arctiques.<\/p>\n<p><strong>Relations avec les m\u00e9dias :<\/strong><\/p>\n<p>Julia Fields<\/p>\n<p>Chambre de commerce maritime<\/p>\n<p><a href=\"mailto:jfields@cmc-ccm.com%20%20%0d\">jfields@cmc-ccm.com\u00a0 <\/a><\/p>\n<p>(613) 294-8515<\/p>\n","protected":false},"excerpt":{"rendered":"<p>Le 7 f\u00e9vrier 2019 \u2013 La Chambre de commerce maritime&#8230;<\/p>\n","protected":false},"author":2,"featured_media":0,"comment_status":"closed","ping_status":"closed","sticky":false,"template":"","format":"standard","meta":{"_acf_changed":false,"footnotes":""},"categories":[2],"tags":[],"news-region":[87],"global-filter":[],"class_list":["post-3411","post","type-post","status-publish","format-standard","hentry","category-media-release","news-region-canadian-media"],"acf":[],"yoast_head":"<!-- This site is optimized with the Yoast SEO plugin v27.3 - https:\/\/yoast.com\/product\/yoast-seo-wordpress\/ -->\n<title>D\u00e9claration de la Chambre de commerce maritime sur les nouvelles mesures prises par le gouvernement afin de prot\u00e9ger la baleine franche dans l\u2019Atlantique Nord - Chambre de Commerce Maritime<\/title>\n<meta name=\"robots\" content=\"index, follow, max-snippet:-1, max-image-preview:large, max-video-preview:-1\" \/>\n<link rel=\"canonical\" href=\"https:\/\/marinedelivers.com\/fr\/declaration-de-la-chambre-de-commerce-maritime-sur-les-nouvelles-mesures-prises-par-le-gouvernement-afin-de-proteger-la-baleine-franche-dans-latlantique-nord\/\" \/>\n<meta property=\"og:locale\" content=\"fr_FR\" \/>\n<meta property=\"og:type\" content=\"article\" \/>\n<meta property=\"og:title\" content=\"D\u00e9claration de la Chambre de commerce maritime sur les nouvelles mesures prises par le gouvernement afin de prot\u00e9ger la baleine franche dans l\u2019Atlantique Nord - Chambre de Commerce Maritime\" \/>\n<meta property=\"og:description\" content=\"Le 7 f\u00e9vrier 2019 \u2013 La Chambre de commerce maritime...\" \/>\n<meta property=\"og:url\" content=\"https:\/\/marinedelivers.com\/fr\/declaration-de-la-chambre-de-commerce-maritime-sur-les-nouvelles-mesures-prises-par-le-gouvernement-afin-de-proteger-la-baleine-franche-dans-latlantique-nord\/\" \/>\n<meta property=\"og:site_name\" content=\"Chambre de Commerce Maritime\" \/>\n<meta property=\"article:publisher\" content=\"https:\/\/www.facebook.com\/MarineDelivers\/\" \/>\n<meta property=\"article:published_time\" content=\"2019-04-02T20:24:07+00:00\" \/>\n<meta property=\"article:modified_time\" content=\"2023-08-31T17:37:39+00:00\" \/>\n<meta name=\"author\" content=\"Katie\" \/>\n<meta name=\"twitter:card\" content=\"summary_large_image\" \/>\n<meta name=\"twitter:creator\" content=\"@marinedelivers\" \/>\n<meta name=\"twitter:site\" content=\"@marinedelivers\" \/>\n<meta name=\"twitter:label1\" content=\"\u00c9crit par\" \/>\n\t<meta name=\"twitter:data1\" content=\"Katie\" \/>\n\t<meta name=\"twitter:label2\" content=\"Dur\u00e9e de lecture estim\u00e9e\" \/>\n\t<meta name=\"twitter:data2\" content=\"4 minutes\" \/>\n<script type=\"application\/ld+json\" class=\"yoast-schema-graph\">{\"@context\":\"https:\\\/\\\/schema.org\",\"@graph\":[{\"@type\":\"Article\",\"@id\":\"https:\\\/\\\/marinedelivers.com\\\/fr\\\/declaration-de-la-chambre-de-commerce-maritime-sur-les-nouvelles-mesures-prises-par-le-gouvernement-afin-de-proteger-la-baleine-franche-dans-latlantique-nord\\\/#article\",\"isPartOf\":{\"@id\":\"https:\\\/\\\/marinedelivers.com\\\/fr\\\/declaration-de-la-chambre-de-commerce-maritime-sur-les-nouvelles-mesures-prises-par-le-gouvernement-afin-de-proteger-la-baleine-franche-dans-latlantique-nord\\\/\"},\"author\":{\"name\":\"Katie\",\"@id\":\"https:\\\/\\\/marinedelivers.com\\\/fr\\\/#\\\/schema\\\/person\\\/32d56e1d06dc24f04008ed23211a3901\"},\"headline\":\"D\u00e9claration de la Chambre de commerce maritime sur les nouvelles mesures prises par le gouvernement afin de prot\u00e9ger la baleine franche dans l\u2019Atlantique Nord\",\"datePublished\":\"2019-04-02T20:24:07+00:00\",\"dateModified\":\"2023-08-31T17:37:39+00:00\",\"mainEntityOfPage\":{\"@id\":\"https:\\\/\\\/marinedelivers.com\\\/fr\\\/declaration-de-la-chambre-de-commerce-maritime-sur-les-nouvelles-mesures-prises-par-le-gouvernement-afin-de-proteger-la-baleine-franche-dans-latlantique-nord\\\/\"},\"wordCount\":869,\"publisher\":{\"@id\":\"https:\\\/\\\/marinedelivers.com\\\/fr\\\/#organization\"},\"articleSection\":[\"Media Release\"],\"inLanguage\":\"fr-FR\"},{\"@type\":\"WebPage\",\"@id\":\"https:\\\/\\\/marinedelivers.com\\\/fr\\\/declaration-de-la-chambre-de-commerce-maritime-sur-les-nouvelles-mesures-prises-par-le-gouvernement-afin-de-proteger-la-baleine-franche-dans-latlantique-nord\\\/\",\"url\":\"https:\\\/\\\/marinedelivers.com\\\/fr\\\/declaration-de-la-chambre-de-commerce-maritime-sur-les-nouvelles-mesures-prises-par-le-gouvernement-afin-de-proteger-la-baleine-franche-dans-latlantique-nord\\\/\",\"name\":\"D\u00e9claration de la Chambre de commerce maritime sur les nouvelles mesures prises par le gouvernement afin de prot\u00e9ger la baleine franche dans l\u2019Atlantique Nord - Chambre de Commerce Maritime\",\"isPartOf\":{\"@id\":\"https:\\\/\\\/marinedelivers.com\\\/fr\\\/#website\"},\"datePublished\":\"2019-04-02T20:24:07+00:00\",\"dateModified\":\"2023-08-31T17:37:39+00:00\",\"breadcrumb\":{\"@id\":\"https:\\\/\\\/marinedelivers.com\\\/fr\\\/declaration-de-la-chambre-de-commerce-maritime-sur-les-nouvelles-mesures-prises-par-le-gouvernement-afin-de-proteger-la-baleine-franche-dans-latlantique-nord\\\/#breadcrumb\"},\"inLanguage\":\"fr-FR\",\"potentialAction\":[{\"@type\":\"ReadAction\",\"target\":[\"https:\\\/\\\/marinedelivers.com\\\/fr\\\/declaration-de-la-chambre-de-commerce-maritime-sur-les-nouvelles-mesures-prises-par-le-gouvernement-afin-de-proteger-la-baleine-franche-dans-latlantique-nord\\\/\"]}]},{\"@type\":\"BreadcrumbList\",\"@id\":\"https:\\\/\\\/marinedelivers.com\\\/fr\\\/declaration-de-la-chambre-de-commerce-maritime-sur-les-nouvelles-mesures-prises-par-le-gouvernement-afin-de-proteger-la-baleine-franche-dans-latlantique-nord\\\/#breadcrumb\",\"itemListElement\":[{\"@type\":\"ListItem\",\"position\":1,\"name\":\"Home\",\"item\":\"https:\\\/\\\/marinedelivers.com\\\/fr\\\/\"},{\"@type\":\"ListItem\",\"position\":2,\"name\":\"D\u00e9claration de la Chambre de commerce maritime sur les nouvelles mesures prises par le gouvernement afin de prot\u00e9ger la baleine franche dans l\u2019Atlantique Nord\"}]},{\"@type\":\"WebSite\",\"@id\":\"https:\\\/\\\/marinedelivers.com\\\/fr\\\/#website\",\"url\":\"https:\\\/\\\/marinedelivers.com\\\/fr\\\/\",\"name\":\"Chambre de Commerce Maritime\",\"description\":\"Marine delivers our exports to the world\",\"publisher\":{\"@id\":\"https:\\\/\\\/marinedelivers.com\\\/fr\\\/#organization\"},\"potentialAction\":[{\"@type\":\"SearchAction\",\"target\":{\"@type\":\"EntryPoint\",\"urlTemplate\":\"https:\\\/\\\/marinedelivers.com\\\/fr\\\/?s={search_term_string}\"},\"query-input\":{\"@type\":\"PropertyValueSpecification\",\"valueRequired\":true,\"valueName\":\"search_term_string\"}}],\"inLanguage\":\"fr-FR\"},{\"@type\":\"Organization\",\"@id\":\"https:\\\/\\\/marinedelivers.com\\\/fr\\\/#organization\",\"name\":\"Chamber of Marine Commerce\",\"url\":\"https:\\\/\\\/marinedelivers.com\\\/fr\\\/\",\"logo\":{\"@type\":\"ImageObject\",\"inLanguage\":\"fr-FR\",\"@id\":\"https:\\\/\\\/marinedelivers.com\\\/fr\\\/#\\\/schema\\\/logo\\\/image\\\/\",\"url\":\"http:\\\/\\\/marinedelivers.com\\\/wp-content\\\/uploads\\\/2023\\\/07\\\/cmc-logo.svg\",\"contentUrl\":\"http:\\\/\\\/marinedelivers.com\\\/wp-content\\\/uploads\\\/2023\\\/07\\\/cmc-logo.svg\",\"width\":1,\"height\":1,\"caption\":\"Chamber of Marine Commerce\"},\"image\":{\"@id\":\"https:\\\/\\\/marinedelivers.com\\\/fr\\\/#\\\/schema\\\/logo\\\/image\\\/\"},\"sameAs\":[\"https:\\\/\\\/www.facebook.com\\\/MarineDelivers\\\/\",\"https:\\\/\\\/x.com\\\/marinedelivers\"]},{\"@type\":\"Person\",\"@id\":\"https:\\\/\\\/marinedelivers.com\\\/fr\\\/#\\\/schema\\\/person\\\/32d56e1d06dc24f04008ed23211a3901\",\"name\":\"Katie\",\"image\":{\"@type\":\"ImageObject\",\"inLanguage\":\"fr-FR\",\"@id\":\"https:\\\/\\\/secure.gravatar.com\\\/avatar\\\/638496ca638254401e2c207b0517a4c1a34cd012253fbb3303df8ad62636c4f6?s=96&d=mm&r=g\",\"url\":\"https:\\\/\\\/secure.gravatar.com\\\/avatar\\\/638496ca638254401e2c207b0517a4c1a34cd012253fbb3303df8ad62636c4f6?s=96&d=mm&r=g\",\"contentUrl\":\"https:\\\/\\\/secure.gravatar.com\\\/avatar\\\/638496ca638254401e2c207b0517a4c1a34cd012253fbb3303df8ad62636c4f6?s=96&d=mm&r=g\",\"caption\":\"Katie\"},\"url\":\"https:\\\/\\\/marinedelivers.com\\\/fr\\\/author\\\/katie\\\/\"}]}<\/script>\n<!-- \/ Yoast SEO plugin. -->","yoast_head_json":{"title":"D\u00e9claration de la Chambre de commerce maritime sur les nouvelles mesures prises par le gouvernement afin de prot\u00e9ger la baleine franche dans l\u2019Atlantique Nord - Chambre de Commerce Maritime","robots":{"index":"index","follow":"follow","max-snippet":"max-snippet:-1","max-image-preview":"max-image-preview:large","max-video-preview":"max-video-preview:-1"},"canonical":"https:\/\/marinedelivers.com\/fr\/declaration-de-la-chambre-de-commerce-maritime-sur-les-nouvelles-mesures-prises-par-le-gouvernement-afin-de-proteger-la-baleine-franche-dans-latlantique-nord\/","og_locale":"fr_FR","og_type":"article","og_title":"D\u00e9claration de la Chambre de commerce maritime sur les nouvelles mesures prises par le gouvernement afin de prot\u00e9ger la baleine franche dans l\u2019Atlantique Nord - Chambre de Commerce Maritime","og_description":"Le 7 f\u00e9vrier 2019 \u2013 La Chambre de commerce maritime...","og_url":"https:\/\/marinedelivers.com\/fr\/declaration-de-la-chambre-de-commerce-maritime-sur-les-nouvelles-mesures-prises-par-le-gouvernement-afin-de-proteger-la-baleine-franche-dans-latlantique-nord\/","og_site_name":"Chambre de Commerce Maritime","article_publisher":"https:\/\/www.facebook.com\/MarineDelivers\/","article_published_time":"2019-04-02T20:24:07+00:00","article_modified_time":"2023-08-31T17:37:39+00:00","author":"Katie","twitter_card":"summary_large_image","twitter_creator":"@marinedelivers","twitter_site":"@marinedelivers","twitter_misc":{"\u00c9crit par":"Katie","Dur\u00e9e de lecture estim\u00e9e":"4 minutes"},"schema":{"@context":"https:\/\/schema.org","@graph":[{"@type":"Article","@id":"https:\/\/marinedelivers.com\/fr\/declaration-de-la-chambre-de-commerce-maritime-sur-les-nouvelles-mesures-prises-par-le-gouvernement-afin-de-proteger-la-baleine-franche-dans-latlantique-nord\/#article","isPartOf":{"@id":"https:\/\/marinedelivers.com\/fr\/declaration-de-la-chambre-de-commerce-maritime-sur-les-nouvelles-mesures-prises-par-le-gouvernement-afin-de-proteger-la-baleine-franche-dans-latlantique-nord\/"},"author":{"name":"Katie","@id":"https:\/\/marinedelivers.com\/fr\/#\/schema\/person\/32d56e1d06dc24f04008ed23211a3901"},"headline":"D\u00e9claration de la Chambre de commerce maritime sur les nouvelles mesures prises par le gouvernement afin de prot\u00e9ger la baleine franche dans l\u2019Atlantique Nord","datePublished":"2019-04-02T20:24:07+00:00","dateModified":"2023-08-31T17:37:39+00:00","mainEntityOfPage":{"@id":"https:\/\/marinedelivers.com\/fr\/declaration-de-la-chambre-de-commerce-maritime-sur-les-nouvelles-mesures-prises-par-le-gouvernement-afin-de-proteger-la-baleine-franche-dans-latlantique-nord\/"},"wordCount":869,"publisher":{"@id":"https:\/\/marinedelivers.com\/fr\/#organization"},"articleSection":["Media Release"],"inLanguage":"fr-FR"},{"@type":"WebPage","@id":"https:\/\/marinedelivers.com\/fr\/declaration-de-la-chambre-de-commerce-maritime-sur-les-nouvelles-mesures-prises-par-le-gouvernement-afin-de-proteger-la-baleine-franche-dans-latlantique-nord\/","url":"https:\/\/marinedelivers.com\/fr\/declaration-de-la-chambre-de-commerce-maritime-sur-les-nouvelles-mesures-prises-par-le-gouvernement-afin-de-proteger-la-baleine-franche-dans-latlantique-nord\/","name":"D\u00e9claration de la Chambre de commerce maritime sur les nouvelles mesures prises par le gouvernement afin de prot\u00e9ger la baleine franche dans l\u2019Atlantique Nord - Chambre de Commerce Maritime","isPartOf":{"@id":"https:\/\/marinedelivers.com\/fr\/#website"},"datePublished":"2019-04-02T20:24:07+00:00","dateModified":"2023-08-31T17:37:39+00:00","breadcrumb":{"@id":"https:\/\/marinedelivers.com\/fr\/declaration-de-la-chambre-de-commerce-maritime-sur-les-nouvelles-mesures-prises-par-le-gouvernement-afin-de-proteger-la-baleine-franche-dans-latlantique-nord\/#breadcrumb"},"inLanguage":"fr-FR","potentialAction":[{"@type":"ReadAction","target":["https:\/\/marinedelivers.com\/fr\/declaration-de-la-chambre-de-commerce-maritime-sur-les-nouvelles-mesures-prises-par-le-gouvernement-afin-de-proteger-la-baleine-franche-dans-latlantique-nord\/"]}]},{"@type":"BreadcrumbList","@id":"https:\/\/marinedelivers.com\/fr\/declaration-de-la-chambre-de-commerce-maritime-sur-les-nouvelles-mesures-prises-par-le-gouvernement-afin-de-proteger-la-baleine-franche-dans-latlantique-nord\/#breadcrumb","itemListElement":[{"@type":"ListItem","position":1,"name":"Home","item":"https:\/\/marinedelivers.com\/fr\/"},{"@type":"ListItem","position":2,"name":"D\u00e9claration de la Chambre de commerce maritime sur les nouvelles mesures prises par le gouvernement afin de prot\u00e9ger la baleine franche dans l\u2019Atlantique Nord"}]},{"@type":"WebSite","@id":"https:\/\/marinedelivers.com\/fr\/#website","url":"https:\/\/marinedelivers.com\/fr\/","name":"Chambre de Commerce Maritime","description":"Marine delivers our exports to the world","publisher":{"@id":"https:\/\/marinedelivers.com\/fr\/#organization"},"potentialAction":[{"@type":"SearchAction","target":{"@type":"EntryPoint","urlTemplate":"https:\/\/marinedelivers.com\/fr\/?s={search_term_string}"},"query-input":{"@type":"PropertyValueSpecification","valueRequired":true,"valueName":"search_term_string"}}],"inLanguage":"fr-FR"},{"@type":"Organization","@id":"https:\/\/marinedelivers.com\/fr\/#organization","name":"Chamber of Marine Commerce","url":"https:\/\/marinedelivers.com\/fr\/","logo":{"@type":"ImageObject","inLanguage":"fr-FR","@id":"https:\/\/marinedelivers.com\/fr\/#\/schema\/logo\/image\/","url":"http:\/\/marinedelivers.com\/wp-content\/uploads\/2023\/07\/cmc-logo.svg","contentUrl":"http:\/\/marinedelivers.com\/wp-content\/uploads\/2023\/07\/cmc-logo.svg","width":1,"height":1,"caption":"Chamber of Marine Commerce"},"image":{"@id":"https:\/\/marinedelivers.com\/fr\/#\/schema\/logo\/image\/"},"sameAs":["https:\/\/www.facebook.com\/MarineDelivers\/","https:\/\/x.com\/marinedelivers"]},{"@type":"Person","@id":"https:\/\/marinedelivers.com\/fr\/#\/schema\/person\/32d56e1d06dc24f04008ed23211a3901","name":"Katie","image":{"@type":"ImageObject","inLanguage":"fr-FR","@id":"https:\/\/secure.gravatar.com\/avatar\/638496ca638254401e2c207b0517a4c1a34cd012253fbb3303df8ad62636c4f6?s=96&d=mm&r=g","url":"https:\/\/secure.gravatar.com\/avatar\/638496ca638254401e2c207b0517a4c1a34cd012253fbb3303df8ad62636c4f6?s=96&d=mm&r=g","contentUrl":"https:\/\/secure.gravatar.com\/avatar\/638496ca638254401e2c207b0517a4c1a34cd012253fbb3303df8ad62636c4f6?s=96&d=mm&r=g","caption":"Katie"},"url":"https:\/\/marinedelivers.com\/fr\/author\/katie\/"}]}},"_links":{"self":[{"href":"https:\/\/marinedelivers.com\/fr\/wp-json\/wp\/v2\/posts\/3411","targetHints":{"allow":["GET"]}}],"collection":[{"href":"https:\/\/marinedelivers.com\/fr\/wp-json\/wp\/v2\/posts"}],"about":[{"href":"https:\/\/marinedelivers.com\/fr\/wp-json\/wp\/v2\/types\/post"}],"author":[{"embeddable":true,"href":"https:\/\/marinedelivers.com\/fr\/wp-json\/wp\/v2\/users\/2"}],"replies":[{"embeddable":true,"href":"https:\/\/marinedelivers.com\/fr\/wp-json\/wp\/v2\/comments?post=3411"}],"version-history":[{"count":0,"href":"https:\/\/marinedelivers.com\/fr\/wp-json\/wp\/v2\/posts\/3411\/revisions"}],"wp:attachment":[{"href":"https:\/\/marinedelivers.com\/fr\/wp-json\/wp\/v2\/media?parent=3411"}],"wp:term":[{"taxonomy":"category","embeddable":true,"href":"https:\/\/marinedelivers.com\/fr\/wp-json\/wp\/v2\/categories?post=3411"},{"taxonomy":"post_tag","embeddable":true,"href":"https:\/\/marinedelivers.com\/fr\/wp-json\/wp\/v2\/tags?post=3411"},{"taxonomy":"news-region","embeddable":true,"href":"https:\/\/marinedelivers.com\/fr\/wp-json\/wp\/v2\/news-region?post=3411"},{"taxonomy":"global-filter","embeddable":true,"href":"https:\/\/marinedelivers.com\/fr\/wp-json\/wp\/v2\/global-filter?post=3411"}],"curies":[{"name":"wp","href":"https:\/\/api.w.org\/{rel}","templated":true}]}}