{"id":3401,"date":"2018-01-18T17:37:08","date_gmt":"2018-01-18T22:37:08","guid":{"rendered":"http:\/\/localhost:10089\/les-responsables-du-transport-maritime-sur-les-grands-lacs-et-la-voie-maritime-devoilent-la-liste-de-souhaits-du-gouvernement-pour-2018\/"},"modified":"2023-08-31T13:37:36","modified_gmt":"2023-08-31T17:37:36","slug":"les-responsables-du-transport-maritime-sur-les-grands-lacs-et-la-voie-maritime-devoilent-la-liste-de-souhaits-du-gouvernement-pour-2018","status":"publish","type":"post","link":"https:\/\/marinedelivers.com\/fr\/les-responsables-du-transport-maritime-sur-les-grands-lacs-et-la-voie-maritime-devoilent-la-liste-de-souhaits-du-gouvernement-pour-2018\/","title":{"rendered":"Les responsables du transport maritime sur les Grands Lacs et la voie maritime d\u00e9voilent la liste de souhaits du gouvernement pour 2018"},"content":{"rendered":"<p>COMMUNIQU\u00c9<\/p>\n<p>Pour publication imm\u00e9diate<\/p>\n<p>Ottawa, Ontario \u2013 Bruce Burrows, pr\u00e9sident de la Chambre de commerce maritime, d\u00e9voilait aujourd&rsquo;hui une liste de souhaits \u00e0 l&rsquo;intention des responsables de l\u2019\u00e9laboration des lois et des politiques dans le but de miser ainsi sur l\u2019\u00e9lan \u00e9conomique qu\u2019on constate dans le domaine du transport maritime sur les Grands Lacs, sur le Saint-Laurent, ainsi que sur les c\u00f4tes du Canada et des \u00c9tats-Unis.<\/p>\n<p>\u00ab\u00a0L\u2019ann\u00e9e 2017 nous a permis d\u2019assister \u00e0 une augmentation consid\u00e9rable du nombre de cargaisons gr\u00e2ce \u00e0 la reprise \u00e9conomique mondiale et \u00e0 de nouvelles occasions d\u2019affaires pour nos membres. Cependant, la fin de saison ardue qu\u2019on a connue alors que les navires parvenaient difficilement \u00e0 avancer dans la glace apr\u00e8s un froid digne de l\u2019Arctique nous a rappel\u00e9 que les d\u00e9fis peuvent survenir m\u00eame au cours des meilleures ann\u00e9es,\u00a0\u00bb de dire M. Burrows. \u00ab\u00a0Cela est venu souligner l\u2019importance d\u2019un syst\u00e8me de transport maritime concurrentiel, dot\u00e9 des ressources n\u00e9cessaires et flexible qui fait la promotion de nos ambitions en mati\u00e8re de progr\u00e8s \u00e9conomique et environnemental.\u00a0\u00bb<\/p>\n<p>La Chambre de commerce maritime tient ainsi son D\u00eener annuel du Club maritime \u00e0 Toronto plus tard aujourd&rsquo;hui, un \u00e9v\u00e9nement phare au cours d\u2019une semaine de rencontres pour l\u2019industrie qui attire une foule de plus de 200 cadres sup\u00e9rieurs du Canada et des \u00c9tats-Unis dans les domaines du transport maritime, de l\u2019industrie et de l\u2019agriculture, ainsi que des repr\u00e9sentants des gouvernements f\u00e9d\u00e9ral, provinciaux et locaux.<\/p>\n<p>La liste des priorit\u00e9s auxquelles la CCM d\u00e9sire s\u2019attaquer en 2018 comprend\u00a0:<\/p>\n<ul>\n<li>Un climat empreint d\u2019harmonie et d\u2019efficacit\u00e9 des deux c\u00f4t\u00e9s de la fronti\u00e8re canado-am\u00e9ricaine, dont une des priorit\u00e9s ultimes consiste \u00e0 trouver pour la r\u00e9gion une solution \u00e0 l\u2019eau de ballast qui prot\u00e8ge notre environnement tout en \u00e9tant fonctionnelle et r\u00e9alisable sur le plan \u00e9conomique.<\/li>\n<li>Les conditions de glace difficiles au cours des derni\u00e8res semaines sont venues souligner l\u2019urgence de moderniser et d\u2019accro\u00eetre les ressources de la Garde c\u00f4ti\u00e8re en mati\u00e8re de brise-glace. Les gouvernements des dieux c\u00f4t\u00e9s de la fronti\u00e8re ont fait de l\u2019investissement dans les infrastructures publiques un aspect primordial de leurs plates-formes politiques au cours des deux derni\u00e8res ann\u00e9es. Le temps est venu pour la marine d\u2019obtenir la part qui lui revient.<\/li>\n<li>La Loi sur le pilotage au Canada fait pr\u00e9sentement l\u2019objet d\u2019un examen et il est essentiel de r\u00e9former les aspects cl\u00e9s, dont la gouvernance et le besoin de modernisation pour tenir compte de l\u2019impact des nouvelles technologies sur les services et les co\u00fbts de pilotage. La CCM esp\u00e8re un rapport positif de Marc Gr\u00e9goire, le pr\u00e9sident de l\u2019examen, et s\u2019attend \u00e0 ce que le gouvernement du Canada agisse rapidement et qu\u2019il proc\u00e8de \u00e0 des changements importants.<\/li>\n<li>La r\u00e9duction des \u00e9missions de carbone demeure une priorit\u00e9 sur la liste des souhaits des programmes publics et politiques. La CCM souhaite que le gouvernement reconnaisse que les navires transportent nos marchandises de mani\u00e8re plus \u00e9conomique tout en r\u00e9duisant les \u00e9missions et qu\u2019ils repr\u00e9sentent un \u00e9l\u00e9ment important de la solution. Alors que l\u2019industrie du transport maritime ne m\u00e9nage aucun effort pour r\u00e9duire encore davantage son empreinte de carbone, la CCM insiste pour dire qu\u2019\u00e0 l\u2019instar de l\u2019industrie du transport a\u00e9rien, le transport maritime est une activit\u00e9 d\u2019envergure internationale et qu\u2019il est vital que nous r\u00e9alisions des progr\u00e8s vers une solution mondiale au d\u00e9fi que repr\u00e9sente le changement climatique.<\/li>\n<\/ul>\n<p>Burrows termine en ces termes\u00a0: \u00ab\u00a0Mon souhait ultime pour 2018 consiste \u00e0 nous retrousser les manches et \u00e0 travailler en \u00e9troite collaboration avec les d\u00e9put\u00e9s f\u00e9d\u00e9raux et provinciaux, ainsi que les autres responsables des deux c\u00f4t\u00e9s de la fronti\u00e8re pour \u00e9laborer des politiques et des programmes compl\u00e9mentaires qui facilitent la croissance tout en reconnaissant les avantages consid\u00e9rables de l\u2019industrie maritime sur les plans environnemental et social.<\/p>\n<p align=\"center\">-30-<\/p>\n<p>\u00a0<\/p>\n<p><strong>Flickr<\/strong><\/p>\n<p>T\u00e9l\u00e9chargez les photos consacr\u00e9es au commerce maritime sur les Grands Lacs et le Saint-Laurent\u00a0: <a href=\"https:\/\/www.flickr.com\/photos\/marinecommerce\/albums\/72157657049769546\">https:\/\/www.flickr.com\/photos\/marinecommerce\/albums\/72157657049769546<\/a><\/p>\n<p>\u00a0<\/p>\n<p><strong>Au sujet de la <\/strong><a href=\"http:\/\/www.localhost:10089\/\"><strong>Chambre de commerce maritime<\/strong><\/a><\/p>\n<p>La Chambre de commerce maritime est une association binationale qui repr\u00e9sente au-del\u00e0 de 130 intervenants de l\u2019industrie maritime, incluant des exp\u00e9diteurs canadiens et am\u00e9ricains d\u2019importance, des ports, des terminaux, ainsi que des fournisseurs de services maritimes et des propri\u00e9taires de navires canadiens et \u00e9trangers. La Chambre pr\u00e9conise des politiques et des r\u00e8glements s\u00fbrs, durables, harmonis\u00e9s et concurrentiels qui reconnaissent les avantages consid\u00e9rables qu\u2019offre le syst\u00e8me de transport maritime sur les Grands Lacs, sur le Saint-Laurent, ainsi que dans les r\u00e9gions c\u00f4ti\u00e8res et l\u2019Arctique.<\/p>\n<p>\u00a0<\/p>\n<p><strong>Relations avec les m\u00e9dias<\/strong><\/p>\n<p>Julia Fields<\/p>\n<p>Chambre de commerce maritime<\/p>\n<p>613-294-8515<\/p>\n<p>\u00a0<\/p>\n<p>\u00a0<\/p>\n","protected":false},"excerpt":{"rendered":"<p>COMMUNIQU\u00c9<\/p>\n<p>Pour publication imm\u00e9diate<\/p>\n<p>Ottawa, Ontario \u2013 Bruce Burrows, pr\u00e9sident de la Chambre de commerce maritime, d\u00e9voilait aujourd&rsquo;hui une liste de souhaits \u00e0 l&rsquo;intention des responsables de l\u2019\u00e9laboration des lois et des politiques dans le but de miser ainsi sur l\u2019\u00e9lan \u00e9conomique qu\u2019on constate dans le domaine du transport maritime sur les Grands Lacs, sur le Saint-Laurent, ainsi que sur les c\u00f4tes du Canada et des \u00c9tats-Unis.<\/p>\n","protected":false},"author":3,"featured_media":0,"comment_status":"closed","ping_status":"closed","sticky":false,"template":"","format":"standard","meta":{"_acf_changed":false,"footnotes":""},"categories":[2],"tags":[],"news-region":[87],"global-filter":[],"class_list":["post-3401","post","type-post","status-publish","format-standard","hentry","category-media-release","news-region-canadian-media"],"acf":[],"yoast_head":"<!-- This site is optimized with the Yoast SEO plugin v27.3 - https:\/\/yoast.com\/product\/yoast-seo-wordpress\/ -->\n<title>Les responsables du transport maritime sur les Grands Lacs et la voie maritime d\u00e9voilent la liste de souhaits du gouvernement pour 2018 - Chambre de Commerce Maritime<\/title>\n<meta name=\"robots\" content=\"index, follow, max-snippet:-1, max-image-preview:large, max-video-preview:-1\" \/>\n<link rel=\"canonical\" href=\"https:\/\/marinedelivers.com\/fr\/les-responsables-du-transport-maritime-sur-les-grands-lacs-et-la-voie-maritime-devoilent-la-liste-de-souhaits-du-gouvernement-pour-2018\/\" \/>\n<meta property=\"og:locale\" content=\"fr_FR\" \/>\n<meta property=\"og:type\" content=\"article\" \/>\n<meta property=\"og:title\" content=\"Les responsables du transport maritime sur les Grands Lacs et la voie maritime d\u00e9voilent la liste de souhaits du gouvernement pour 2018 - Chambre de Commerce Maritime\" \/>\n<meta property=\"og:description\" content=\"COMMUNIQU\u00c9Pour publication imm\u00e9diateOttawa, Ontario \u2013 Bruce Burrows, pr\u00e9sident de la Chambre de commerce maritime, d\u00e9voilait aujourd&#039;hui une liste de souhaits \u00e0 l&#039;intention des responsables de l\u2019\u00e9laboration des lois et des politiques dans le but de miser ainsi sur l\u2019\u00e9lan \u00e9conomique qu\u2019on constate dans le domaine du transport maritime sur les Grands Lacs, sur le Saint-Laurent, ainsi que sur les c\u00f4tes du Canada et des \u00c9tats-Unis.\" \/>\n<meta property=\"og:url\" content=\"https:\/\/marinedelivers.com\/fr\/les-responsables-du-transport-maritime-sur-les-grands-lacs-et-la-voie-maritime-devoilent-la-liste-de-souhaits-du-gouvernement-pour-2018\/\" \/>\n<meta property=\"og:site_name\" content=\"Chambre de Commerce Maritime\" \/>\n<meta property=\"article:publisher\" content=\"https:\/\/www.facebook.com\/MarineDelivers\/\" \/>\n<meta property=\"article:published_time\" content=\"2018-01-18T22:37:08+00:00\" \/>\n<meta property=\"article:modified_time\" content=\"2023-08-31T17:37:36+00:00\" \/>\n<meta name=\"author\" content=\"Robert Decher\" \/>\n<meta name=\"twitter:card\" content=\"summary_large_image\" \/>\n<meta name=\"twitter:creator\" content=\"@marinedelivers\" \/>\n<meta name=\"twitter:site\" content=\"@marinedelivers\" \/>\n<meta name=\"twitter:label1\" content=\"\u00c9crit par\" \/>\n\t<meta name=\"twitter:data1\" content=\"Robert Decher\" \/>\n\t<meta name=\"twitter:label2\" content=\"Dur\u00e9e de lecture estim\u00e9e\" \/>\n\t<meta name=\"twitter:data2\" content=\"4 minutes\" \/>\n<script type=\"application\/ld+json\" class=\"yoast-schema-graph\">{\"@context\":\"https:\\\/\\\/schema.org\",\"@graph\":[{\"@type\":\"Article\",\"@id\":\"https:\\\/\\\/marinedelivers.com\\\/fr\\\/les-responsables-du-transport-maritime-sur-les-grands-lacs-et-la-voie-maritime-devoilent-la-liste-de-souhaits-du-gouvernement-pour-2018\\\/#article\",\"isPartOf\":{\"@id\":\"https:\\\/\\\/marinedelivers.com\\\/fr\\\/les-responsables-du-transport-maritime-sur-les-grands-lacs-et-la-voie-maritime-devoilent-la-liste-de-souhaits-du-gouvernement-pour-2018\\\/\"},\"author\":{\"name\":\"Robert Decher\",\"@id\":\"https:\\\/\\\/marinedelivers.com\\\/fr\\\/#\\\/schema\\\/person\\\/b106e77bb4572e04596a08fe25f7e711\"},\"headline\":\"Les responsables du transport maritime sur les Grands Lacs et la voie maritime d\u00e9voilent la liste de souhaits du gouvernement pour 2018\",\"datePublished\":\"2018-01-18T22:37:08+00:00\",\"dateModified\":\"2023-08-31T17:37:36+00:00\",\"mainEntityOfPage\":{\"@id\":\"https:\\\/\\\/marinedelivers.com\\\/fr\\\/les-responsables-du-transport-maritime-sur-les-grands-lacs-et-la-voie-maritime-devoilent-la-liste-de-souhaits-du-gouvernement-pour-2018\\\/\"},\"wordCount\":872,\"publisher\":{\"@id\":\"https:\\\/\\\/marinedelivers.com\\\/fr\\\/#organization\"},\"articleSection\":[\"Media Release\"],\"inLanguage\":\"fr-FR\"},{\"@type\":\"WebPage\",\"@id\":\"https:\\\/\\\/marinedelivers.com\\\/fr\\\/les-responsables-du-transport-maritime-sur-les-grands-lacs-et-la-voie-maritime-devoilent-la-liste-de-souhaits-du-gouvernement-pour-2018\\\/\",\"url\":\"https:\\\/\\\/marinedelivers.com\\\/fr\\\/les-responsables-du-transport-maritime-sur-les-grands-lacs-et-la-voie-maritime-devoilent-la-liste-de-souhaits-du-gouvernement-pour-2018\\\/\",\"name\":\"Les responsables du transport maritime sur les Grands Lacs et la voie maritime d\u00e9voilent la liste de souhaits du gouvernement pour 2018 - Chambre de Commerce Maritime\",\"isPartOf\":{\"@id\":\"https:\\\/\\\/marinedelivers.com\\\/fr\\\/#website\"},\"datePublished\":\"2018-01-18T22:37:08+00:00\",\"dateModified\":\"2023-08-31T17:37:36+00:00\",\"breadcrumb\":{\"@id\":\"https:\\\/\\\/marinedelivers.com\\\/fr\\\/les-responsables-du-transport-maritime-sur-les-grands-lacs-et-la-voie-maritime-devoilent-la-liste-de-souhaits-du-gouvernement-pour-2018\\\/#breadcrumb\"},\"inLanguage\":\"fr-FR\",\"potentialAction\":[{\"@type\":\"ReadAction\",\"target\":[\"https:\\\/\\\/marinedelivers.com\\\/fr\\\/les-responsables-du-transport-maritime-sur-les-grands-lacs-et-la-voie-maritime-devoilent-la-liste-de-souhaits-du-gouvernement-pour-2018\\\/\"]}]},{\"@type\":\"BreadcrumbList\",\"@id\":\"https:\\\/\\\/marinedelivers.com\\\/fr\\\/les-responsables-du-transport-maritime-sur-les-grands-lacs-et-la-voie-maritime-devoilent-la-liste-de-souhaits-du-gouvernement-pour-2018\\\/#breadcrumb\",\"itemListElement\":[{\"@type\":\"ListItem\",\"position\":1,\"name\":\"Home\",\"item\":\"https:\\\/\\\/marinedelivers.com\\\/fr\\\/\"},{\"@type\":\"ListItem\",\"position\":2,\"name\":\"Les responsables du transport maritime sur les Grands Lacs et la voie maritime d\u00e9voilent la liste de souhaits du gouvernement pour 2018\"}]},{\"@type\":\"WebSite\",\"@id\":\"https:\\\/\\\/marinedelivers.com\\\/fr\\\/#website\",\"url\":\"https:\\\/\\\/marinedelivers.com\\\/fr\\\/\",\"name\":\"Chambre de Commerce Maritime\",\"description\":\"Marine delivers our exports to the world\",\"publisher\":{\"@id\":\"https:\\\/\\\/marinedelivers.com\\\/fr\\\/#organization\"},\"potentialAction\":[{\"@type\":\"SearchAction\",\"target\":{\"@type\":\"EntryPoint\",\"urlTemplate\":\"https:\\\/\\\/marinedelivers.com\\\/fr\\\/?s={search_term_string}\"},\"query-input\":{\"@type\":\"PropertyValueSpecification\",\"valueRequired\":true,\"valueName\":\"search_term_string\"}}],\"inLanguage\":\"fr-FR\"},{\"@type\":\"Organization\",\"@id\":\"https:\\\/\\\/marinedelivers.com\\\/fr\\\/#organization\",\"name\":\"Chamber of Marine Commerce\",\"url\":\"https:\\\/\\\/marinedelivers.com\\\/fr\\\/\",\"logo\":{\"@type\":\"ImageObject\",\"inLanguage\":\"fr-FR\",\"@id\":\"https:\\\/\\\/marinedelivers.com\\\/fr\\\/#\\\/schema\\\/logo\\\/image\\\/\",\"url\":\"http:\\\/\\\/marinedelivers.com\\\/wp-content\\\/uploads\\\/2023\\\/07\\\/cmc-logo.svg\",\"contentUrl\":\"http:\\\/\\\/marinedelivers.com\\\/wp-content\\\/uploads\\\/2023\\\/07\\\/cmc-logo.svg\",\"width\":1,\"height\":1,\"caption\":\"Chamber of Marine Commerce\"},\"image\":{\"@id\":\"https:\\\/\\\/marinedelivers.com\\\/fr\\\/#\\\/schema\\\/logo\\\/image\\\/\"},\"sameAs\":[\"https:\\\/\\\/www.facebook.com\\\/MarineDelivers\\\/\",\"https:\\\/\\\/x.com\\\/marinedelivers\"]},{\"@type\":\"Person\",\"@id\":\"https:\\\/\\\/marinedelivers.com\\\/fr\\\/#\\\/schema\\\/person\\\/b106e77bb4572e04596a08fe25f7e711\",\"name\":\"Robert Decher\",\"image\":{\"@type\":\"ImageObject\",\"inLanguage\":\"fr-FR\",\"@id\":\"https:\\\/\\\/secure.gravatar.com\\\/avatar\\\/bc2627947ba7bab923990d1f57953d6cb855122c78057bf8e702ee1181cb6860?s=96&d=mm&r=g\",\"url\":\"https:\\\/\\\/secure.gravatar.com\\\/avatar\\\/bc2627947ba7bab923990d1f57953d6cb855122c78057bf8e702ee1181cb6860?s=96&d=mm&r=g\",\"contentUrl\":\"https:\\\/\\\/secure.gravatar.com\\\/avatar\\\/bc2627947ba7bab923990d1f57953d6cb855122c78057bf8e702ee1181cb6860?s=96&d=mm&r=g\",\"caption\":\"Robert Decher\"},\"url\":\"https:\\\/\\\/marinedelivers.com\\\/fr\\\/author\\\/robertsparkadvocacy-ca\\\/\"}]}<\/script>\n<!-- \/ Yoast SEO plugin. -->","yoast_head_json":{"title":"Les responsables du transport maritime sur les Grands Lacs et la voie maritime d\u00e9voilent la liste de souhaits du gouvernement pour 2018 - Chambre de Commerce Maritime","robots":{"index":"index","follow":"follow","max-snippet":"max-snippet:-1","max-image-preview":"max-image-preview:large","max-video-preview":"max-video-preview:-1"},"canonical":"https:\/\/marinedelivers.com\/fr\/les-responsables-du-transport-maritime-sur-les-grands-lacs-et-la-voie-maritime-devoilent-la-liste-de-souhaits-du-gouvernement-pour-2018\/","og_locale":"fr_FR","og_type":"article","og_title":"Les responsables du transport maritime sur les Grands Lacs et la voie maritime d\u00e9voilent la liste de souhaits du gouvernement pour 2018 - Chambre de Commerce Maritime","og_description":"COMMUNIQU\u00c9Pour publication imm\u00e9diateOttawa, Ontario \u2013 Bruce Burrows, pr\u00e9sident de la Chambre de commerce maritime, d\u00e9voilait aujourd'hui une liste de souhaits \u00e0 l'intention des responsables de l\u2019\u00e9laboration des lois et des politiques dans le but de miser ainsi sur l\u2019\u00e9lan \u00e9conomique qu\u2019on constate dans le domaine du transport maritime sur les Grands Lacs, sur le Saint-Laurent, ainsi que sur les c\u00f4tes du Canada et des \u00c9tats-Unis.","og_url":"https:\/\/marinedelivers.com\/fr\/les-responsables-du-transport-maritime-sur-les-grands-lacs-et-la-voie-maritime-devoilent-la-liste-de-souhaits-du-gouvernement-pour-2018\/","og_site_name":"Chambre de Commerce Maritime","article_publisher":"https:\/\/www.facebook.com\/MarineDelivers\/","article_published_time":"2018-01-18T22:37:08+00:00","article_modified_time":"2023-08-31T17:37:36+00:00","author":"Robert Decher","twitter_card":"summary_large_image","twitter_creator":"@marinedelivers","twitter_site":"@marinedelivers","twitter_misc":{"\u00c9crit par":"Robert Decher","Dur\u00e9e de lecture estim\u00e9e":"4 minutes"},"schema":{"@context":"https:\/\/schema.org","@graph":[{"@type":"Article","@id":"https:\/\/marinedelivers.com\/fr\/les-responsables-du-transport-maritime-sur-les-grands-lacs-et-la-voie-maritime-devoilent-la-liste-de-souhaits-du-gouvernement-pour-2018\/#article","isPartOf":{"@id":"https:\/\/marinedelivers.com\/fr\/les-responsables-du-transport-maritime-sur-les-grands-lacs-et-la-voie-maritime-devoilent-la-liste-de-souhaits-du-gouvernement-pour-2018\/"},"author":{"name":"Robert Decher","@id":"https:\/\/marinedelivers.com\/fr\/#\/schema\/person\/b106e77bb4572e04596a08fe25f7e711"},"headline":"Les responsables du transport maritime sur les Grands Lacs et la voie maritime d\u00e9voilent la liste de souhaits du gouvernement pour 2018","datePublished":"2018-01-18T22:37:08+00:00","dateModified":"2023-08-31T17:37:36+00:00","mainEntityOfPage":{"@id":"https:\/\/marinedelivers.com\/fr\/les-responsables-du-transport-maritime-sur-les-grands-lacs-et-la-voie-maritime-devoilent-la-liste-de-souhaits-du-gouvernement-pour-2018\/"},"wordCount":872,"publisher":{"@id":"https:\/\/marinedelivers.com\/fr\/#organization"},"articleSection":["Media Release"],"inLanguage":"fr-FR"},{"@type":"WebPage","@id":"https:\/\/marinedelivers.com\/fr\/les-responsables-du-transport-maritime-sur-les-grands-lacs-et-la-voie-maritime-devoilent-la-liste-de-souhaits-du-gouvernement-pour-2018\/","url":"https:\/\/marinedelivers.com\/fr\/les-responsables-du-transport-maritime-sur-les-grands-lacs-et-la-voie-maritime-devoilent-la-liste-de-souhaits-du-gouvernement-pour-2018\/","name":"Les responsables du transport maritime sur les Grands Lacs et la voie maritime d\u00e9voilent la liste de souhaits du gouvernement pour 2018 - Chambre de Commerce Maritime","isPartOf":{"@id":"https:\/\/marinedelivers.com\/fr\/#website"},"datePublished":"2018-01-18T22:37:08+00:00","dateModified":"2023-08-31T17:37:36+00:00","breadcrumb":{"@id":"https:\/\/marinedelivers.com\/fr\/les-responsables-du-transport-maritime-sur-les-grands-lacs-et-la-voie-maritime-devoilent-la-liste-de-souhaits-du-gouvernement-pour-2018\/#breadcrumb"},"inLanguage":"fr-FR","potentialAction":[{"@type":"ReadAction","target":["https:\/\/marinedelivers.com\/fr\/les-responsables-du-transport-maritime-sur-les-grands-lacs-et-la-voie-maritime-devoilent-la-liste-de-souhaits-du-gouvernement-pour-2018\/"]}]},{"@type":"BreadcrumbList","@id":"https:\/\/marinedelivers.com\/fr\/les-responsables-du-transport-maritime-sur-les-grands-lacs-et-la-voie-maritime-devoilent-la-liste-de-souhaits-du-gouvernement-pour-2018\/#breadcrumb","itemListElement":[{"@type":"ListItem","position":1,"name":"Home","item":"https:\/\/marinedelivers.com\/fr\/"},{"@type":"ListItem","position":2,"name":"Les responsables du transport maritime sur les Grands Lacs et la voie maritime d\u00e9voilent la liste de souhaits du gouvernement pour 2018"}]},{"@type":"WebSite","@id":"https:\/\/marinedelivers.com\/fr\/#website","url":"https:\/\/marinedelivers.com\/fr\/","name":"Chambre de Commerce Maritime","description":"Marine delivers our exports to the world","publisher":{"@id":"https:\/\/marinedelivers.com\/fr\/#organization"},"potentialAction":[{"@type":"SearchAction","target":{"@type":"EntryPoint","urlTemplate":"https:\/\/marinedelivers.com\/fr\/?s={search_term_string}"},"query-input":{"@type":"PropertyValueSpecification","valueRequired":true,"valueName":"search_term_string"}}],"inLanguage":"fr-FR"},{"@type":"Organization","@id":"https:\/\/marinedelivers.com\/fr\/#organization","name":"Chamber of Marine Commerce","url":"https:\/\/marinedelivers.com\/fr\/","logo":{"@type":"ImageObject","inLanguage":"fr-FR","@id":"https:\/\/marinedelivers.com\/fr\/#\/schema\/logo\/image\/","url":"http:\/\/marinedelivers.com\/wp-content\/uploads\/2023\/07\/cmc-logo.svg","contentUrl":"http:\/\/marinedelivers.com\/wp-content\/uploads\/2023\/07\/cmc-logo.svg","width":1,"height":1,"caption":"Chamber of Marine Commerce"},"image":{"@id":"https:\/\/marinedelivers.com\/fr\/#\/schema\/logo\/image\/"},"sameAs":["https:\/\/www.facebook.com\/MarineDelivers\/","https:\/\/x.com\/marinedelivers"]},{"@type":"Person","@id":"https:\/\/marinedelivers.com\/fr\/#\/schema\/person\/b106e77bb4572e04596a08fe25f7e711","name":"Robert Decher","image":{"@type":"ImageObject","inLanguage":"fr-FR","@id":"https:\/\/secure.gravatar.com\/avatar\/bc2627947ba7bab923990d1f57953d6cb855122c78057bf8e702ee1181cb6860?s=96&d=mm&r=g","url":"https:\/\/secure.gravatar.com\/avatar\/bc2627947ba7bab923990d1f57953d6cb855122c78057bf8e702ee1181cb6860?s=96&d=mm&r=g","contentUrl":"https:\/\/secure.gravatar.com\/avatar\/bc2627947ba7bab923990d1f57953d6cb855122c78057bf8e702ee1181cb6860?s=96&d=mm&r=g","caption":"Robert Decher"},"url":"https:\/\/marinedelivers.com\/fr\/author\/robertsparkadvocacy-ca\/"}]}},"_links":{"self":[{"href":"https:\/\/marinedelivers.com\/fr\/wp-json\/wp\/v2\/posts\/3401","targetHints":{"allow":["GET"]}}],"collection":[{"href":"https:\/\/marinedelivers.com\/fr\/wp-json\/wp\/v2\/posts"}],"about":[{"href":"https:\/\/marinedelivers.com\/fr\/wp-json\/wp\/v2\/types\/post"}],"author":[{"embeddable":true,"href":"https:\/\/marinedelivers.com\/fr\/wp-json\/wp\/v2\/users\/3"}],"replies":[{"embeddable":true,"href":"https:\/\/marinedelivers.com\/fr\/wp-json\/wp\/v2\/comments?post=3401"}],"version-history":[{"count":0,"href":"https:\/\/marinedelivers.com\/fr\/wp-json\/wp\/v2\/posts\/3401\/revisions"}],"wp:attachment":[{"href":"https:\/\/marinedelivers.com\/fr\/wp-json\/wp\/v2\/media?parent=3401"}],"wp:term":[{"taxonomy":"category","embeddable":true,"href":"https:\/\/marinedelivers.com\/fr\/wp-json\/wp\/v2\/categories?post=3401"},{"taxonomy":"post_tag","embeddable":true,"href":"https:\/\/marinedelivers.com\/fr\/wp-json\/wp\/v2\/tags?post=3401"},{"taxonomy":"news-region","embeddable":true,"href":"https:\/\/marinedelivers.com\/fr\/wp-json\/wp\/v2\/news-region?post=3401"},{"taxonomy":"global-filter","embeddable":true,"href":"https:\/\/marinedelivers.com\/fr\/wp-json\/wp\/v2\/global-filter?post=3401"}],"curies":[{"name":"wp","href":"https:\/\/api.w.org\/{rel}","templated":true}]}}