{"id":3396,"date":"2017-09-28T12:56:27","date_gmt":"2017-09-28T16:56:27","guid":{"rendered":"http:\/\/localhost:10089\/journee-mondiale-de-la-mer-le-transport-maritime-une-activite-cruciale-pour-le-commerce-nord-americain\/"},"modified":"2023-08-31T13:37:34","modified_gmt":"2023-08-31T17:37:34","slug":"journee-mondiale-de-la-mer-le-transport-maritime-une-activite-cruciale-pour-le-commerce-nord-americain","status":"publish","type":"post","link":"https:\/\/marinedelivers.com\/fr\/journee-mondiale-de-la-mer-le-transport-maritime-une-activite-cruciale-pour-le-commerce-nord-americain\/","title":{"rendered":"Journ\u00e9e mondiale de la mer : Le transport maritime \u2013 une activit\u00e9 cruciale pour le commerce nord-am\u00e9ricain"},"content":{"rendered":"<p>\u00a0<\/p>\n<p>\u00a0<\/p>\n<p>Le transport maritime sur les Grands Lacs et la voie maritime du Saint-Laurent repr\u00e9sente une activit\u00e9 essentielle \u00e0 la r\u00e9ussite des \u00e9changes internationaux entre le Canada et les \u00c9tats-Unis, sans compter qu\u2019il offre une possibilit\u00e9 de croissance incroyable qui augmentera le nombre d\u2019emplois et la prosp\u00e9rit\u00e9 et procurera de nombreux avantages \u00e0 nos communaut\u00e9s en r\u00e9duisant les \u00e9missions de carbone et la congestion dans les transports.<\/p>\n<p>Voil\u00e0 le message que la Chambre de commerce maritime partage aujourd&rsquo;hui avec le gouvernement et les responsables de l\u2019\u00e9laboration des politiques alors que l\u2019industrie du transport maritime souligne la Journ\u00e9e mondiale de la mer.<\/p>\n<p>\u00ab\u00a0Le r\u00e9seau des Grands Lacs et la voie maritime du Saint-Laurent repr\u00e9sentent une voie navigable int\u00e9rieure regroupant des navires, des ports et des individus qui les exploitent et qui lui conf\u00e8rent son caract\u00e8re unique au monde. Des d\u00e9cennies d\u2019innovation, d\u2019investissement et de d\u00e9termination ont permis de cr\u00e9er une autoroute maritime qui est devenue la fa\u00e7on la plus s\u00e9curitaire et la plus \u00e9cologique de relier entre elles les villes qui forment l\u2019\u00e9picentre de l\u2019Am\u00e9rique du Nord et les march\u00e9s d\u2019ailleurs \u00e0 travers le monde,\u00a0\u00bb de dire Bruce Burrows, pr\u00e9sident de la Chambre de commerce maritime. \u00ab\u00a0Il est dans notre int\u00e9r\u00eat \u00e0 tous de ramer dans la m\u00eame direction afin de r\u00e9aliser ainsi le plein potentiel de cette voie navigable.\u00a0\u00bb<\/p>\n<p>Parmi les orientations du gouvernement qui favorisent cette croissance, mentionnons\u00a0:<\/p>\n<ul>\n<li>Les efforts visant \u00e0 assurer que la ren\u00e9gociation de l\u2019AL\u00c9NA n\u2019am\u00e8ne aucun tarif additionnel ni aucun obstacle tarifaire aux \u00e9changes \u00e0 la fronti\u00e8re entre le Canada et les \u00c9tats-Unis;<\/li>\n<li>La mise en place de r\u00e8glements \u00e0 la fois protecteurs, pratiques et harmonis\u00e9s en ce qui a trait \u00e0 l\u2019eau de ballast dans la r\u00e9gion binationale;<\/li>\n<li>Le recours \u00e0 des brise-glace et d\u2019autres investissements dans le but d\u2019optimiser la capacit\u00e9 saisonni\u00e8re en reportant la date de fermeture de la voie navigable de deux semaines (pour l\u2019harmoniser avec la p\u00e9riode de fonctionnement des \u00e9cluses du Sault); ainsi que des mesures visant \u00e0 assurer le financement par les \u00c9tats-Unis d\u2019une deuxi\u00e8me \u00e9cluse de la taille de l\u2019\u00e9cluse Poe aux \u00e9cluses de Sault.<\/li>\n<li>La modernisation des services de pilotage afin d\u2019accro\u00eetre l\u2019efficacit\u00e9, r\u00e9duire les co\u00fbts et am\u00e9liorer la prestation des services, et ce, tout en maintenant le niveau \u00e9lev\u00e9 de s\u00e9curit\u00e9 qui fait la renomm\u00e9e du syst\u00e8me.<\/li>\n<\/ul>\n<p>La Journ\u00e9e mondiale de la mer est une journ\u00e9e officielle des Nations unies. Cette journ\u00e9e nous permet chaque ann\u00e9e de consacrer notre attention \u00e0 l\u2019importance du transport maritime et des autres activit\u00e9s maritimes et de souligner la contribution importante aux efforts d\u00e9ploy\u00e9s par l\u2019Organisation maritime internationale (OMI) et par les \u00e9tats membres dans le but d\u2019am\u00e9liorer la s\u00e9curit\u00e9, la protection et l\u2019efficacit\u00e9 du transport maritime et prot\u00e9ger l\u2019environnement maritime.<\/p>\n<p>L\u2019OMI a adopt\u00e9 cette ann\u00e9e le th\u00e8me\u00a0\u00ab\u00a0Connecter navires, ports et personnes\u00a0\u00bb et souligne l\u2019importance du d\u00e9veloppement maritime \u00ab\u00a0commun\u00a0\u00bb sur les plans politique et pratique.<\/p>\n<p>Burrows ajoute\u00a0: \u00ab\u00a0On attribue la r\u00e9ussite du transport maritime sur les Grands Lacs et la voie maritime a une approche globale au niveau de l\u2019\u00e9laboration des politiques et du d\u00e9veloppement commercial au sein du gouvernement et dans l\u2019industrie. La CCM incarne tous les aspects de la cha\u00eene d&rsquo;approvisionnement maritime, incluant ses clients, alors que nous collaborons avec nos membres et d\u2019autres intervenants pour d\u00e9fendre une vision \u00e0 la fois efficace et unie en mati\u00e8re de croissance durable.\u00a0\u00bb<\/p>\n<p><strong>Le saviez-vous? Le transport maritime binational sur les Grands Lacs et la voie maritime\u00a0:<\/strong><\/p>\n<ul>\n<li>Est responsable de 227\u00a0000 emplois bien r\u00e9mun\u00e9r\u00e9s au Canada et aux \u00c9tats-Unis.<\/li>\n<li>G\u00e9n\u00e8re chaque ann\u00e9e des recettes de l\u2019ordre de 35 milliards de dollars et pr\u00e8s de 14 milliards de dollars en salaires.<\/li>\n<li>Verse chaque ann\u00e9e 5 milliards de dollars en imp\u00f4ts au f\u00e9d\u00e9ral, aux provinces et aux \u00e9tats.<\/li>\n<li>Achemine plus de 80 pour cent du minerai de fer qu\u2019on utilise dans les aci\u00e9ries am\u00e9ricaines.<\/li>\n<li>Contribue \u00e0 r\u00e9duire le co\u00fbt des mat\u00e9riaux servant \u00e0 la construction des autoroutes et des villes en Am\u00e9rique du Nord; \u00e0 assurer la s\u00e9curit\u00e9 des routes en hiver et \u00e0 produire de la chaleur et de l\u2019\u00e9lectricit\u00e9 pour nos foyers.<\/li>\n<li>Met en relation des agriculteurs et des fabricants avec les march\u00e9s int\u00e9rieurs et les march\u00e9s d\u2019exportation dans plus de 60 pays.<\/li>\n<li>Assure la s\u00e9curit\u00e9 de la population. Entre 2002 et 2011, les collisions impliquant des navires dans le r\u00e9seau de navigation binational des Grands Lacs et de la voie maritime n\u2019ont entra\u00een\u00e9 aucun d\u00e9c\u00e8s ni m\u00eame aucune blessure au sein de la population. (Source\u00a0: Analyse des donn\u00e9es de la Garde c\u00f4ti\u00e8re am\u00e9ricaine et du Bureau de la s\u00e9curit\u00e9 des transports du Canada).<\/li>\n<li>Pr\u00e9sente l\u2019empreinte de carbone la moins \u00e9lev\u00e9e. Le transport ferroviaire et par camions lib\u00e9reraient respectivement 19 pour cent et 533 pour cent plus de gaz \u00e0 effet de serre par tonne de cargaison-mille s\u2019ils parcouraient la m\u00eame distance que la flotte circulant sur les Grands Lacs et sur la voie maritime (Source\u00a0: Research and Traffic Group, 2013).<\/li>\n<li>R\u00e9duit la congestion sur les routes. Un navire (tout d\u00e9pendant de sa taille) transporte la m\u00eame quantit\u00e9 de marchandises qu\u2019un nombre de 963 \u00e0 2\u00a0340 camions.<\/li>\n<li>Les nouveaux types de navires et la nouvelle technologie des moteurs dont on assistera \u00e0 l\u2019apparition au cours des 10 prochaines ann\u00e9es pour se conformer aux nouveaux r\u00e8glements aura pour effet de r\u00e9duire les \u00e9missions dans l\u2019atmosph\u00e8re, soit de 86\u00a0% dans le cas des oxydes d\u2019azote et de 99\u00a0% pour les oxydes de soufre.<\/li>\n<\/ul>\n<p align=\"center\">###<\/p>\n<p>T\u00e9l\u00e9chargez des photos des Grands Lacs et du Saint-Laurent sur le site \u00e0 l&rsquo;adresse\u00a0:<\/p>\n<p><a href=\"https:\/\/www.flickr.com\/photos\/marinecommerce\/albums\/72157657049769546\">https:\/\/www.flickr.com\/photos\/marinecommerce\/albums\/72157657049769546<\/a><\/p>\n<p>\u00a0<\/p>\n<p><strong>Au sujet de la <\/strong><a href=\"http:\/\/www.localhost:10089\/\"><strong>Chambre de commerce maritime<\/strong><\/a><\/p>\n<p>La Chambre de commerce maritime est une association binationale qui repr\u00e9sente au-del\u00e0 de 130 intervenants de l\u2019industrie maritime, incluant des exp\u00e9diteurs canadiens et am\u00e9ricains d\u2019importance, des ports, des terminaux, ainsi que des fournisseurs de services maritimes et des propri\u00e9taires de navires canadiens et \u00e9trangers. La Chambre a fusionn\u00e9 avec l&rsquo;Association des armateurs canadiens pour ainsi combiner nos ressources et promouvoir un climat de r\u00e9glementation efficace qui favorise une industrie maritime \u00e0 la fois forte et concurrentielle au profit de tous les intervenants de l&rsquo;industrie dans la r\u00e9gion binationale des Grands Lacs et du Saint-Laurent, ainsi que le long du littoral maritime et sur les c\u00f4tes nordiques. Bas\u00e9e \u00e0 Ottawa, Canada, l&rsquo;entit\u00e9 fusionn\u00e9e continuera de porter le nom de Chambre de commerce maritime.<\/p>\n<p>\u00a0<\/p>\n<p><strong>Relations avec les m\u00e9dias<\/strong><\/p>\n<p>Julia Fields<\/p>\n<p>Chambre de commerce maritime<\/p>\n<p>jfields@cmc-ccm.com<\/p>\n<p>613-294-8515<\/p>\n","protected":false},"excerpt":{"rendered":"<p>\u00a0<\/p>\n<p>\u00a0<\/p>\n<p>Le transport maritime sur les Grands Lacs et la voie maritime du Saint-Laurent repr\u00e9sente une activit\u00e9 essentielle \u00e0 la r\u00e9ussite des \u00e9changes internationaux entre le Canada et les \u00c9tats-Unis, sans compter qu\u2019il offre une possibilit\u00e9 de croissance incroyable qui augmentera le nombre d\u2019emplois et la prosp\u00e9rit\u00e9 et procurera de nombreux avantages \u00e0 nos communaut\u00e9s en r\u00e9duisant les \u00e9missions de carbone et la congestion dans les transports.<\/p>\n","protected":false},"author":3,"featured_media":0,"comment_status":"closed","ping_status":"closed","sticky":false,"template":"","format":"standard","meta":{"_acf_changed":false,"footnotes":""},"categories":[2],"tags":[],"news-region":[87],"global-filter":[],"class_list":["post-3396","post","type-post","status-publish","format-standard","hentry","category-media-release","news-region-canadian-media"],"acf":[],"yoast_head":"<!-- This site is optimized with the Yoast SEO plugin v27.3 - https:\/\/yoast.com\/product\/yoast-seo-wordpress\/ -->\n<title>Journ\u00e9e mondiale de la mer : Le transport maritime \u2013 une activit\u00e9 cruciale pour le commerce nord-am\u00e9ricain - Chambre de Commerce Maritime<\/title>\n<meta name=\"robots\" content=\"index, follow, max-snippet:-1, max-image-preview:large, max-video-preview:-1\" \/>\n<link rel=\"canonical\" href=\"https:\/\/marinedelivers.com\/fr\/journee-mondiale-de-la-mer-le-transport-maritime-une-activite-cruciale-pour-le-commerce-nord-americain\/\" \/>\n<meta property=\"og:locale\" content=\"fr_FR\" \/>\n<meta property=\"og:type\" content=\"article\" \/>\n<meta property=\"og:title\" content=\"Journ\u00e9e mondiale de la mer : Le transport maritime \u2013 une activit\u00e9 cruciale pour le commerce nord-am\u00e9ricain - Chambre de Commerce Maritime\" \/>\n<meta property=\"og:description\" content=\"\u00a0\u00a0Le transport maritime sur les Grands Lacs et la voie maritime du Saint-Laurent repr\u00e9sente une activit\u00e9 essentielle \u00e0 la r\u00e9ussite des \u00e9changes internationaux entre le Canada et les \u00c9tats-Unis, sans compter qu\u2019il offre une possibilit\u00e9 de croissance incroyable qui augmentera le nombre d\u2019emplois et la prosp\u00e9rit\u00e9 et procurera de nombreux avantages \u00e0 nos communaut\u00e9s en r\u00e9duisant les \u00e9missions de carbone et la congestion dans les transports.\" \/>\n<meta property=\"og:url\" content=\"https:\/\/marinedelivers.com\/fr\/journee-mondiale-de-la-mer-le-transport-maritime-une-activite-cruciale-pour-le-commerce-nord-americain\/\" \/>\n<meta property=\"og:site_name\" content=\"Chambre de Commerce Maritime\" \/>\n<meta property=\"article:publisher\" content=\"https:\/\/www.facebook.com\/MarineDelivers\/\" \/>\n<meta property=\"article:published_time\" content=\"2017-09-28T16:56:27+00:00\" \/>\n<meta property=\"article:modified_time\" content=\"2023-08-31T17:37:34+00:00\" \/>\n<meta name=\"author\" content=\"Robert Decher\" \/>\n<meta name=\"twitter:card\" content=\"summary_large_image\" \/>\n<meta name=\"twitter:creator\" content=\"@marinedelivers\" \/>\n<meta name=\"twitter:site\" content=\"@marinedelivers\" \/>\n<meta name=\"twitter:label1\" content=\"\u00c9crit par\" \/>\n\t<meta name=\"twitter:data1\" content=\"Robert Decher\" \/>\n\t<meta name=\"twitter:label2\" content=\"Dur\u00e9e de lecture estim\u00e9e\" \/>\n\t<meta name=\"twitter:data2\" content=\"6 minutes\" \/>\n<script type=\"application\/ld+json\" class=\"yoast-schema-graph\">{\"@context\":\"https:\\\/\\\/schema.org\",\"@graph\":[{\"@type\":\"Article\",\"@id\":\"https:\\\/\\\/marinedelivers.com\\\/fr\\\/journee-mondiale-de-la-mer-le-transport-maritime-une-activite-cruciale-pour-le-commerce-nord-americain\\\/#article\",\"isPartOf\":{\"@id\":\"https:\\\/\\\/marinedelivers.com\\\/fr\\\/journee-mondiale-de-la-mer-le-transport-maritime-une-activite-cruciale-pour-le-commerce-nord-americain\\\/\"},\"author\":{\"name\":\"Robert Decher\",\"@id\":\"https:\\\/\\\/marinedelivers.com\\\/fr\\\/#\\\/schema\\\/person\\\/b106e77bb4572e04596a08fe25f7e711\"},\"headline\":\"Journ\u00e9e mondiale de la mer : Le transport maritime \u2013 une activit\u00e9 cruciale pour le commerce nord-am\u00e9ricain\",\"datePublished\":\"2017-09-28T16:56:27+00:00\",\"dateModified\":\"2023-08-31T17:37:34+00:00\",\"mainEntityOfPage\":{\"@id\":\"https:\\\/\\\/marinedelivers.com\\\/fr\\\/journee-mondiale-de-la-mer-le-transport-maritime-une-activite-cruciale-pour-le-commerce-nord-americain\\\/\"},\"wordCount\":1195,\"publisher\":{\"@id\":\"https:\\\/\\\/marinedelivers.com\\\/fr\\\/#organization\"},\"articleSection\":[\"Media Release\"],\"inLanguage\":\"fr-FR\"},{\"@type\":\"WebPage\",\"@id\":\"https:\\\/\\\/marinedelivers.com\\\/fr\\\/journee-mondiale-de-la-mer-le-transport-maritime-une-activite-cruciale-pour-le-commerce-nord-americain\\\/\",\"url\":\"https:\\\/\\\/marinedelivers.com\\\/fr\\\/journee-mondiale-de-la-mer-le-transport-maritime-une-activite-cruciale-pour-le-commerce-nord-americain\\\/\",\"name\":\"Journ\u00e9e mondiale de la mer : Le transport maritime \u2013 une activit\u00e9 cruciale pour le commerce nord-am\u00e9ricain - Chambre de Commerce Maritime\",\"isPartOf\":{\"@id\":\"https:\\\/\\\/marinedelivers.com\\\/fr\\\/#website\"},\"datePublished\":\"2017-09-28T16:56:27+00:00\",\"dateModified\":\"2023-08-31T17:37:34+00:00\",\"breadcrumb\":{\"@id\":\"https:\\\/\\\/marinedelivers.com\\\/fr\\\/journee-mondiale-de-la-mer-le-transport-maritime-une-activite-cruciale-pour-le-commerce-nord-americain\\\/#breadcrumb\"},\"inLanguage\":\"fr-FR\",\"potentialAction\":[{\"@type\":\"ReadAction\",\"target\":[\"https:\\\/\\\/marinedelivers.com\\\/fr\\\/journee-mondiale-de-la-mer-le-transport-maritime-une-activite-cruciale-pour-le-commerce-nord-americain\\\/\"]}]},{\"@type\":\"BreadcrumbList\",\"@id\":\"https:\\\/\\\/marinedelivers.com\\\/fr\\\/journee-mondiale-de-la-mer-le-transport-maritime-une-activite-cruciale-pour-le-commerce-nord-americain\\\/#breadcrumb\",\"itemListElement\":[{\"@type\":\"ListItem\",\"position\":1,\"name\":\"Home\",\"item\":\"https:\\\/\\\/marinedelivers.com\\\/fr\\\/\"},{\"@type\":\"ListItem\",\"position\":2,\"name\":\"Journ\u00e9e mondiale de la mer : Le transport maritime \u2013 une activit\u00e9 cruciale pour le commerce nord-am\u00e9ricain\"}]},{\"@type\":\"WebSite\",\"@id\":\"https:\\\/\\\/marinedelivers.com\\\/fr\\\/#website\",\"url\":\"https:\\\/\\\/marinedelivers.com\\\/fr\\\/\",\"name\":\"Chambre de Commerce Maritime\",\"description\":\"Marine delivers our exports to the world\",\"publisher\":{\"@id\":\"https:\\\/\\\/marinedelivers.com\\\/fr\\\/#organization\"},\"potentialAction\":[{\"@type\":\"SearchAction\",\"target\":{\"@type\":\"EntryPoint\",\"urlTemplate\":\"https:\\\/\\\/marinedelivers.com\\\/fr\\\/?s={search_term_string}\"},\"query-input\":{\"@type\":\"PropertyValueSpecification\",\"valueRequired\":true,\"valueName\":\"search_term_string\"}}],\"inLanguage\":\"fr-FR\"},{\"@type\":\"Organization\",\"@id\":\"https:\\\/\\\/marinedelivers.com\\\/fr\\\/#organization\",\"name\":\"Chamber of Marine Commerce\",\"url\":\"https:\\\/\\\/marinedelivers.com\\\/fr\\\/\",\"logo\":{\"@type\":\"ImageObject\",\"inLanguage\":\"fr-FR\",\"@id\":\"https:\\\/\\\/marinedelivers.com\\\/fr\\\/#\\\/schema\\\/logo\\\/image\\\/\",\"url\":\"http:\\\/\\\/marinedelivers.com\\\/wp-content\\\/uploads\\\/2023\\\/07\\\/cmc-logo.svg\",\"contentUrl\":\"http:\\\/\\\/marinedelivers.com\\\/wp-content\\\/uploads\\\/2023\\\/07\\\/cmc-logo.svg\",\"width\":1,\"height\":1,\"caption\":\"Chamber of Marine Commerce\"},\"image\":{\"@id\":\"https:\\\/\\\/marinedelivers.com\\\/fr\\\/#\\\/schema\\\/logo\\\/image\\\/\"},\"sameAs\":[\"https:\\\/\\\/www.facebook.com\\\/MarineDelivers\\\/\",\"https:\\\/\\\/x.com\\\/marinedelivers\"]},{\"@type\":\"Person\",\"@id\":\"https:\\\/\\\/marinedelivers.com\\\/fr\\\/#\\\/schema\\\/person\\\/b106e77bb4572e04596a08fe25f7e711\",\"name\":\"Robert Decher\",\"image\":{\"@type\":\"ImageObject\",\"inLanguage\":\"fr-FR\",\"@id\":\"https:\\\/\\\/secure.gravatar.com\\\/avatar\\\/bc2627947ba7bab923990d1f57953d6cb855122c78057bf8e702ee1181cb6860?s=96&d=mm&r=g\",\"url\":\"https:\\\/\\\/secure.gravatar.com\\\/avatar\\\/bc2627947ba7bab923990d1f57953d6cb855122c78057bf8e702ee1181cb6860?s=96&d=mm&r=g\",\"contentUrl\":\"https:\\\/\\\/secure.gravatar.com\\\/avatar\\\/bc2627947ba7bab923990d1f57953d6cb855122c78057bf8e702ee1181cb6860?s=96&d=mm&r=g\",\"caption\":\"Robert Decher\"},\"url\":\"https:\\\/\\\/marinedelivers.com\\\/fr\\\/author\\\/robertsparkadvocacy-ca\\\/\"}]}<\/script>\n<!-- \/ Yoast SEO plugin. -->","yoast_head_json":{"title":"Journ\u00e9e mondiale de la mer : Le transport maritime \u2013 une activit\u00e9 cruciale pour le commerce nord-am\u00e9ricain - Chambre de Commerce Maritime","robots":{"index":"index","follow":"follow","max-snippet":"max-snippet:-1","max-image-preview":"max-image-preview:large","max-video-preview":"max-video-preview:-1"},"canonical":"https:\/\/marinedelivers.com\/fr\/journee-mondiale-de-la-mer-le-transport-maritime-une-activite-cruciale-pour-le-commerce-nord-americain\/","og_locale":"fr_FR","og_type":"article","og_title":"Journ\u00e9e mondiale de la mer : Le transport maritime \u2013 une activit\u00e9 cruciale pour le commerce nord-am\u00e9ricain - Chambre de Commerce Maritime","og_description":"\u00a0\u00a0Le transport maritime sur les Grands Lacs et la voie maritime du Saint-Laurent repr\u00e9sente une activit\u00e9 essentielle \u00e0 la r\u00e9ussite des \u00e9changes internationaux entre le Canada et les \u00c9tats-Unis, sans compter qu\u2019il offre une possibilit\u00e9 de croissance incroyable qui augmentera le nombre d\u2019emplois et la prosp\u00e9rit\u00e9 et procurera de nombreux avantages \u00e0 nos communaut\u00e9s en r\u00e9duisant les \u00e9missions de carbone et la congestion dans les transports.","og_url":"https:\/\/marinedelivers.com\/fr\/journee-mondiale-de-la-mer-le-transport-maritime-une-activite-cruciale-pour-le-commerce-nord-americain\/","og_site_name":"Chambre de Commerce Maritime","article_publisher":"https:\/\/www.facebook.com\/MarineDelivers\/","article_published_time":"2017-09-28T16:56:27+00:00","article_modified_time":"2023-08-31T17:37:34+00:00","author":"Robert Decher","twitter_card":"summary_large_image","twitter_creator":"@marinedelivers","twitter_site":"@marinedelivers","twitter_misc":{"\u00c9crit par":"Robert Decher","Dur\u00e9e de lecture estim\u00e9e":"6 minutes"},"schema":{"@context":"https:\/\/schema.org","@graph":[{"@type":"Article","@id":"https:\/\/marinedelivers.com\/fr\/journee-mondiale-de-la-mer-le-transport-maritime-une-activite-cruciale-pour-le-commerce-nord-americain\/#article","isPartOf":{"@id":"https:\/\/marinedelivers.com\/fr\/journee-mondiale-de-la-mer-le-transport-maritime-une-activite-cruciale-pour-le-commerce-nord-americain\/"},"author":{"name":"Robert Decher","@id":"https:\/\/marinedelivers.com\/fr\/#\/schema\/person\/b106e77bb4572e04596a08fe25f7e711"},"headline":"Journ\u00e9e mondiale de la mer : Le transport maritime \u2013 une activit\u00e9 cruciale pour le commerce nord-am\u00e9ricain","datePublished":"2017-09-28T16:56:27+00:00","dateModified":"2023-08-31T17:37:34+00:00","mainEntityOfPage":{"@id":"https:\/\/marinedelivers.com\/fr\/journee-mondiale-de-la-mer-le-transport-maritime-une-activite-cruciale-pour-le-commerce-nord-americain\/"},"wordCount":1195,"publisher":{"@id":"https:\/\/marinedelivers.com\/fr\/#organization"},"articleSection":["Media Release"],"inLanguage":"fr-FR"},{"@type":"WebPage","@id":"https:\/\/marinedelivers.com\/fr\/journee-mondiale-de-la-mer-le-transport-maritime-une-activite-cruciale-pour-le-commerce-nord-americain\/","url":"https:\/\/marinedelivers.com\/fr\/journee-mondiale-de-la-mer-le-transport-maritime-une-activite-cruciale-pour-le-commerce-nord-americain\/","name":"Journ\u00e9e mondiale de la mer : Le transport maritime \u2013 une activit\u00e9 cruciale pour le commerce nord-am\u00e9ricain - Chambre de Commerce Maritime","isPartOf":{"@id":"https:\/\/marinedelivers.com\/fr\/#website"},"datePublished":"2017-09-28T16:56:27+00:00","dateModified":"2023-08-31T17:37:34+00:00","breadcrumb":{"@id":"https:\/\/marinedelivers.com\/fr\/journee-mondiale-de-la-mer-le-transport-maritime-une-activite-cruciale-pour-le-commerce-nord-americain\/#breadcrumb"},"inLanguage":"fr-FR","potentialAction":[{"@type":"ReadAction","target":["https:\/\/marinedelivers.com\/fr\/journee-mondiale-de-la-mer-le-transport-maritime-une-activite-cruciale-pour-le-commerce-nord-americain\/"]}]},{"@type":"BreadcrumbList","@id":"https:\/\/marinedelivers.com\/fr\/journee-mondiale-de-la-mer-le-transport-maritime-une-activite-cruciale-pour-le-commerce-nord-americain\/#breadcrumb","itemListElement":[{"@type":"ListItem","position":1,"name":"Home","item":"https:\/\/marinedelivers.com\/fr\/"},{"@type":"ListItem","position":2,"name":"Journ\u00e9e mondiale de la mer : Le transport maritime \u2013 une activit\u00e9 cruciale pour le commerce nord-am\u00e9ricain"}]},{"@type":"WebSite","@id":"https:\/\/marinedelivers.com\/fr\/#website","url":"https:\/\/marinedelivers.com\/fr\/","name":"Chambre de Commerce Maritime","description":"Marine delivers our exports to the world","publisher":{"@id":"https:\/\/marinedelivers.com\/fr\/#organization"},"potentialAction":[{"@type":"SearchAction","target":{"@type":"EntryPoint","urlTemplate":"https:\/\/marinedelivers.com\/fr\/?s={search_term_string}"},"query-input":{"@type":"PropertyValueSpecification","valueRequired":true,"valueName":"search_term_string"}}],"inLanguage":"fr-FR"},{"@type":"Organization","@id":"https:\/\/marinedelivers.com\/fr\/#organization","name":"Chamber of Marine Commerce","url":"https:\/\/marinedelivers.com\/fr\/","logo":{"@type":"ImageObject","inLanguage":"fr-FR","@id":"https:\/\/marinedelivers.com\/fr\/#\/schema\/logo\/image\/","url":"http:\/\/marinedelivers.com\/wp-content\/uploads\/2023\/07\/cmc-logo.svg","contentUrl":"http:\/\/marinedelivers.com\/wp-content\/uploads\/2023\/07\/cmc-logo.svg","width":1,"height":1,"caption":"Chamber of Marine Commerce"},"image":{"@id":"https:\/\/marinedelivers.com\/fr\/#\/schema\/logo\/image\/"},"sameAs":["https:\/\/www.facebook.com\/MarineDelivers\/","https:\/\/x.com\/marinedelivers"]},{"@type":"Person","@id":"https:\/\/marinedelivers.com\/fr\/#\/schema\/person\/b106e77bb4572e04596a08fe25f7e711","name":"Robert Decher","image":{"@type":"ImageObject","inLanguage":"fr-FR","@id":"https:\/\/secure.gravatar.com\/avatar\/bc2627947ba7bab923990d1f57953d6cb855122c78057bf8e702ee1181cb6860?s=96&d=mm&r=g","url":"https:\/\/secure.gravatar.com\/avatar\/bc2627947ba7bab923990d1f57953d6cb855122c78057bf8e702ee1181cb6860?s=96&d=mm&r=g","contentUrl":"https:\/\/secure.gravatar.com\/avatar\/bc2627947ba7bab923990d1f57953d6cb855122c78057bf8e702ee1181cb6860?s=96&d=mm&r=g","caption":"Robert Decher"},"url":"https:\/\/marinedelivers.com\/fr\/author\/robertsparkadvocacy-ca\/"}]}},"_links":{"self":[{"href":"https:\/\/marinedelivers.com\/fr\/wp-json\/wp\/v2\/posts\/3396","targetHints":{"allow":["GET"]}}],"collection":[{"href":"https:\/\/marinedelivers.com\/fr\/wp-json\/wp\/v2\/posts"}],"about":[{"href":"https:\/\/marinedelivers.com\/fr\/wp-json\/wp\/v2\/types\/post"}],"author":[{"embeddable":true,"href":"https:\/\/marinedelivers.com\/fr\/wp-json\/wp\/v2\/users\/3"}],"replies":[{"embeddable":true,"href":"https:\/\/marinedelivers.com\/fr\/wp-json\/wp\/v2\/comments?post=3396"}],"version-history":[{"count":0,"href":"https:\/\/marinedelivers.com\/fr\/wp-json\/wp\/v2\/posts\/3396\/revisions"}],"wp:attachment":[{"href":"https:\/\/marinedelivers.com\/fr\/wp-json\/wp\/v2\/media?parent=3396"}],"wp:term":[{"taxonomy":"category","embeddable":true,"href":"https:\/\/marinedelivers.com\/fr\/wp-json\/wp\/v2\/categories?post=3396"},{"taxonomy":"post_tag","embeddable":true,"href":"https:\/\/marinedelivers.com\/fr\/wp-json\/wp\/v2\/tags?post=3396"},{"taxonomy":"news-region","embeddable":true,"href":"https:\/\/marinedelivers.com\/fr\/wp-json\/wp\/v2\/news-region?post=3396"},{"taxonomy":"global-filter","embeddable":true,"href":"https:\/\/marinedelivers.com\/fr\/wp-json\/wp\/v2\/global-filter?post=3396"}],"curies":[{"name":"wp","href":"https:\/\/api.w.org\/{rel}","templated":true}]}}