{"id":3393,"date":"2017-08-14T14:48:07","date_gmt":"2017-08-14T18:48:07","guid":{"rendered":"http:\/\/localhost:10089\/declaration-de-la-chambre-de-commerce-maritime-sur-les-limites-de-vitesse-obligatoires\/"},"modified":"2023-08-31T13:37:33","modified_gmt":"2023-08-31T17:37:33","slug":"declaration-de-la-chambre-de-commerce-maritime-sur-les-limites-de-vitesse-obligatoires","status":"publish","type":"post","link":"https:\/\/marinedelivers.com\/fr\/declaration-de-la-chambre-de-commerce-maritime-sur-les-limites-de-vitesse-obligatoires\/","title":{"rendered":"D\u00e9claration de la Chambre de commerce maritime sur les limites de vitesse obligatoires"},"content":{"rendered":"<p>\u00a0<\/p>\n<p>COMMUNIQU\u00c9<\/p>\n<p>Le 11 ao\u00fbt 2017<\/p>\n<p>La Chambre de commerce maritime publie \u00e0 la d\u00e9claration suivante en r\u00e9action \u00e0 l\u2019annonce faite aujourd&rsquo;hui par Dominic LeBlanc, ministre des P\u00eaches, des Oc\u00e9ans et de la Garde c\u00f4ti\u00e8re canadienne, ainsi que par Marc Garneau, ministre des Transports, au sujet des limites de vitesse obligatoires temporaires que devront respecter les navires dans le secteur ouest du golfe Saint-Laurent, soit \u00e0 partir de la rive nord qu\u00e9b\u00e9coise tout juste au nord de l\u2019\u00cele-du-Prince-\u00c9douard.<\/p>\n<p>Bruce Burrows, pr\u00e9sident de la Chambre de commerce maritime, a d\u00e9clar\u00e9\u00a0: \u00ab\u00a0Nos armateurs membres ont d\u00e9j\u00e0 collabor\u00e9 avec les fonctionnaires f\u00e9d\u00e9raux et, dans la mesure du possible, ils ont r\u00e9duit les vitesses comme nous l\u2019avions demand\u00e9 dans le chenal Laurentien du golfe Saint-Laurent.<\/p>\n<p>\u00ab\u00a0Nous comprenons l\u2019intention du gouvernement en adoptant ces limites de vitesse obligatoires temporaires, puisque les d\u00e9c\u00e8s r\u00e9cents de baleines perturbent \u00e9galement nos membres au plus haut point. Nous adh\u00e9rons pleinement aux mesures de protection des mammif\u00e8res marins dans ces eaux. Nous encourageons d\u2019ailleurs le gouvernement \u00e0 acc\u00e9l\u00e9rer son analyse et sa recherche dans le but de bien comprendre tous les facteurs ayant men\u00e9 aux d\u00e9c\u00e8s r\u00e9cents des baleines. Il est primordial que l\u2019industrie et le gouvernement poursuivent leur collaboration afin d\u2019\u00e9laborer des solutions ax\u00e9es sur des proc\u00e9d\u00e9s scientifiques rigoureux permettant de prot\u00e9ger la faune marine tout en minimisant les impacts \u00e9conomiques.\u00a0\u00bb<\/p>\n<p>Les limites de vitesse que nous imposons aujourd&rsquo;hui pourraient entra\u00eener des d\u00e9lais ne d\u00e9passant pas sept heures, tout d\u00e9pendant de l\u2019itin\u00e9raire du navire. Les armateurs de la Chambre de commerce maritime \u00e9valuent pr\u00e9sentement l\u2019impact sur leurs clients, ainsi que sur la livraison des biens essentiels, comme les denr\u00e9es alimentaires et les d\u00e9placements de passagers qui se rendent dans les communaut\u00e9s locales sur la rive nord du Qu\u00e9bec.<\/p>\n<p>\u00c9tant les principaux utilisateurs des eaux dans l\u2019Atlantique Nord, les propri\u00e9taires de navire participent depuis longtemps \u00e0 la recherche, ainsi qu\u2019aux autres efforts visant \u00e0 prot\u00e9ger la faune et l\u2019habitat marins.<\/p>\n<p>\u00ab\u00a0Nous prenons cette responsabilit\u00e9 tr\u00e8s au s\u00e9rieux,\u00a0\u00bb de dire Burrows. \u00ab\u00a0L\u2019industrie du transport maritime r\u00e9duit sa vitesse et modifie son itin\u00e9raire lorsqu\u2019elle traverse l\u2019habitat critique des baleines, sans compter qu\u2019elle recueille des donn\u00e9es importantes \u00e0 l&rsquo;intention des scientifiques et contribue \u00e0 l\u2019essai des nouvelles technologies, comme le syst\u00e8me d\u2019alerte rapide des baleines dont un groupe de scientifiques h\u00e9berg\u00e9 \u00e0 l\u2019Universit\u00e9 Dalhousie proc\u00e8de pr\u00e9sentement au d\u00e9veloppement.\u00a0\u00bb<\/p>\n<p>Les mesures qu\u2019on a prises par le pass\u00e9, soit en 2003, dans un habitat critique comme la baie de Fundy, ont r\u00e9duit de plus de 80 pour cent la menace de collisions dans l\u2019Atlantique Nord entre des navires et des baleines noires.<\/p>\n<p>Les navires ont \u00e9galement adopt\u00e9 des mesures de protection volontaires aux abords du fjord du Saguenay et dans l\u2019estuaire du Saint-Laurent, entre autres, en r\u00e9duisant leur vitesse dans les aires d\u2019alimentation des baleines, ainsi qu\u2019en \u00e9vitant une zone sensible que fr\u00e9quentent souvent les troupeaux de b\u00e9lougas compos\u00e9s de femelles et de jeunes. Parcs Canada consid\u00e8re que les baisses de vitesse entre 2013 et 2016 ont r\u00e9duit de pr\u00e8s de 40 pour cent le risque de collisions entre des navires et des baleines.<\/p>\n<p>Les membres, dont le Groupe Desgagn\u00e9s et le Groupe CSL, ont \u00e9galement offert \u00e0 leurs \u00e9quipages une formation sur la fa\u00e7on de rep\u00e9rer les baleines et de recueillir des donn\u00e9es dans les eaux sal\u00e9es du Saint-Laurent et de l\u2019Est du Canada, jusqu\u2019en Arctique, en partenariat avec le R\u00e9seau d\u2019observation de mammif\u00e8res marins (ROMM).<\/p>\n<p>Le partenariat liant CSL au Fonds mondial pour la nature (WWF) a aid\u00e9 les scientifiques \u00e0 \u00e9tudier et \u00e0 surveiller le comportement des populations de b\u00e9lougas dans l\u2019estuaire et dans le golfe du Saint-Laurent par l&rsquo;entremise du Groupe de recherche et d&rsquo;\u00e9ducation sur les mammif\u00e8res marins (GREMM), un groupe \u00e0 but non lucratif. En partenariat avec le WWF, CSL participe \u00e9galement depuis bien des ann\u00e9es la recherche visant \u00e0 prot\u00e9ger les baleines et leur habitat dans la r\u00e9gion des Grands Bancs de Terre-Neuve.<\/p>\n<p>Par le pass\u00e9, il \u00e9tait rare qu\u2019on aper\u00e7oive des baleines noires dans le golfe Saint-Laurent. Ainsi le minist\u00e8re des P\u00eaches et des Oc\u00e9ans collabore avec des partenaires dans le but de mieux comprendre l\u2019\u00e9volution de leurs tendances comportementales des derni\u00e8res ann\u00e9es et pour r\u00e9aliser des n\u00e9cropsies sur toutes les baleines mortes afin de d\u00e9terminer la fa\u00e7on dont les cas d\u2019enchev\u00eatrement dans les engins de p\u00eache, les collisions avec des navires, l\u2019habitat alimentaire, les changements climatiques, ainsi que les probl\u00e8mes de sant\u00e9 sous-jacents pourraient avoir jou\u00e9 un r\u00f4le. La population de baleines noires s\u2019est accrue, alors qu\u2019elle est pass\u00e9e d\u2019un nombre qu\u2019on estimait \u00e0 350 \u00e0 la fin des ann\u00e9es quatre-vingt-dix ou au d\u00e9but des ann\u00e9es 2000 pour se chiffrer \u00e0 pr\u00e8s de 500 \u00e0 l\u2019heure actuelle. Cependant, les scientifiques sont pr\u00e9occup\u00e9s en raison du taux de natalit\u00e9 qui semble maintenant en baisse.\u00a0<\/p>\n<p>\u00a0<\/p>\n<p align=\"center\">###<\/p>\n<p><strong>Au sujet de la <\/strong><a href=\"http:\/\/www.localhost:10089\/\"><strong>Chambre de commerce maritime<\/strong><\/a><\/p>\n<p>La Chambre de commerce maritime est une association binationale qui repr\u00e9sente au-del\u00e0 de 130 intervenants de l\u2019industrie maritime, incluant des exp\u00e9diteurs canadiens et am\u00e9ricains d\u2019importance, des ports, des terminaux, ainsi que des fournisseurs de services maritimes et des propri\u00e9taires de navires canadiens et \u00e9trangers. La Chambre a fusionn\u00e9 avec l&rsquo;Association des armateurs canadiens pour ainsi combiner nos ressources et promouvoir un climat de r\u00e9glementation efficace qui favorise une industrie maritime \u00e0 la fois forte et concurrentielle au profit de tous les intervenants de l&rsquo;industrie dans la r\u00e9gion binationale des Grands Lacs et du Saint-Laurent, ainsi que le long du littoral maritime et sur les c\u00f4tes nordiques. Bas\u00e9e \u00e0 Ottawa, Canada, l&rsquo;entit\u00e9 fusionn\u00e9e continuera de porter le nom de Chambre de commerce maritime.<\/p>\n<p>\u00a0<\/p>\n<p><strong>Relations avec les m\u00e9dias<\/strong><\/p>\n<p>Julia Fields<\/p>\n<p>Chambre de commerce maritime<\/p>\n<p>613-294-8515<\/p>\n","protected":false},"excerpt":{"rendered":"<p>\u00a0<\/p>\n<p>COMMUNIQU\u00c9<\/p>\n<p>Le 11 ao\u00fbt 2017<\/p>\n<p>La Chambre de commerce maritime publie \u00e0 la d\u00e9claration suivante en r\u00e9action \u00e0 l\u2019annonce faite aujourd&rsquo;hui par Dominic LeBlanc, ministre des P\u00eaches, des Oc\u00e9ans et de la Garde c\u00f4ti\u00e8re canadienne, ainsi que par Marc Garneau, ministre des Transports, au sujet des limites de vitesse obligatoires temporaires que devront respecter les navires dans le secteur ouest du golfe Saint-Laurent, soit \u00e0 partir de la rive nord qu\u00e9b\u00e9coise tout juste au nord de l\u2019\u00cele-du-Prince-\u00c9douard.<\/p>\n","protected":false},"author":3,"featured_media":0,"comment_status":"closed","ping_status":"closed","sticky":false,"template":"","format":"standard","meta":{"_acf_changed":false,"footnotes":""},"categories":[2],"tags":[],"news-region":[87],"global-filter":[],"class_list":["post-3393","post","type-post","status-publish","format-standard","hentry","category-media-release","news-region-canadian-media"],"acf":[],"yoast_head":"<!-- This site is optimized with the Yoast SEO plugin v27.3 - https:\/\/yoast.com\/product\/yoast-seo-wordpress\/ -->\n<title>D\u00e9claration de la Chambre de commerce maritime sur les limites de vitesse obligatoires - Chambre de Commerce Maritime<\/title>\n<meta name=\"robots\" content=\"index, follow, max-snippet:-1, max-image-preview:large, max-video-preview:-1\" \/>\n<link rel=\"canonical\" href=\"https:\/\/marinedelivers.com\/fr\/declaration-de-la-chambre-de-commerce-maritime-sur-les-limites-de-vitesse-obligatoires\/\" \/>\n<meta property=\"og:locale\" content=\"fr_FR\" \/>\n<meta property=\"og:type\" content=\"article\" \/>\n<meta property=\"og:title\" content=\"D\u00e9claration de la Chambre de commerce maritime sur les limites de vitesse obligatoires - Chambre de Commerce Maritime\" \/>\n<meta property=\"og:description\" content=\"\u00a0COMMUNIQU\u00c9Le 11 ao\u00fbt 2017La Chambre de commerce maritime publie \u00e0 la d\u00e9claration suivante en r\u00e9action \u00e0 l\u2019annonce faite aujourd&#039;hui par Dominic LeBlanc, ministre des P\u00eaches, des Oc\u00e9ans et de la Garde c\u00f4ti\u00e8re canadienne, ainsi que par Marc Garneau, ministre des Transports, au sujet des limites de vitesse obligatoires temporaires que devront respecter les navires dans le secteur ouest du golfe Saint-Laurent, soit \u00e0 partir de la rive nord qu\u00e9b\u00e9coise tout juste au nord de l\u2019\u00cele-du-Prince-\u00c9douard.\" \/>\n<meta property=\"og:url\" content=\"https:\/\/marinedelivers.com\/fr\/declaration-de-la-chambre-de-commerce-maritime-sur-les-limites-de-vitesse-obligatoires\/\" \/>\n<meta property=\"og:site_name\" content=\"Chambre de Commerce Maritime\" \/>\n<meta property=\"article:publisher\" content=\"https:\/\/www.facebook.com\/MarineDelivers\/\" \/>\n<meta property=\"article:published_time\" content=\"2017-08-14T18:48:07+00:00\" \/>\n<meta property=\"article:modified_time\" content=\"2023-08-31T17:37:33+00:00\" \/>\n<meta name=\"author\" content=\"Robert Decher\" \/>\n<meta name=\"twitter:card\" content=\"summary_large_image\" \/>\n<meta name=\"twitter:creator\" content=\"@marinedelivers\" \/>\n<meta name=\"twitter:site\" content=\"@marinedelivers\" \/>\n<meta name=\"twitter:label1\" content=\"\u00c9crit par\" \/>\n\t<meta name=\"twitter:data1\" content=\"Robert Decher\" \/>\n\t<meta name=\"twitter:label2\" content=\"Dur\u00e9e de lecture estim\u00e9e\" \/>\n\t<meta name=\"twitter:data2\" content=\"5 minutes\" \/>\n<script type=\"application\/ld+json\" class=\"yoast-schema-graph\">{\"@context\":\"https:\\\/\\\/schema.org\",\"@graph\":[{\"@type\":\"Article\",\"@id\":\"https:\\\/\\\/marinedelivers.com\\\/fr\\\/declaration-de-la-chambre-de-commerce-maritime-sur-les-limites-de-vitesse-obligatoires\\\/#article\",\"isPartOf\":{\"@id\":\"https:\\\/\\\/marinedelivers.com\\\/fr\\\/declaration-de-la-chambre-de-commerce-maritime-sur-les-limites-de-vitesse-obligatoires\\\/\"},\"author\":{\"name\":\"Robert Decher\",\"@id\":\"https:\\\/\\\/marinedelivers.com\\\/fr\\\/#\\\/schema\\\/person\\\/b106e77bb4572e04596a08fe25f7e711\"},\"headline\":\"D\u00e9claration de la Chambre de commerce maritime sur les limites de vitesse obligatoires\",\"datePublished\":\"2017-08-14T18:48:07+00:00\",\"dateModified\":\"2023-08-31T17:37:33+00:00\",\"mainEntityOfPage\":{\"@id\":\"https:\\\/\\\/marinedelivers.com\\\/fr\\\/declaration-de-la-chambre-de-commerce-maritime-sur-les-limites-de-vitesse-obligatoires\\\/\"},\"wordCount\":1061,\"publisher\":{\"@id\":\"https:\\\/\\\/marinedelivers.com\\\/fr\\\/#organization\"},\"articleSection\":[\"Media Release\"],\"inLanguage\":\"fr-FR\"},{\"@type\":\"WebPage\",\"@id\":\"https:\\\/\\\/marinedelivers.com\\\/fr\\\/declaration-de-la-chambre-de-commerce-maritime-sur-les-limites-de-vitesse-obligatoires\\\/\",\"url\":\"https:\\\/\\\/marinedelivers.com\\\/fr\\\/declaration-de-la-chambre-de-commerce-maritime-sur-les-limites-de-vitesse-obligatoires\\\/\",\"name\":\"D\u00e9claration de la Chambre de commerce maritime sur les limites de vitesse obligatoires - Chambre de Commerce Maritime\",\"isPartOf\":{\"@id\":\"https:\\\/\\\/marinedelivers.com\\\/fr\\\/#website\"},\"datePublished\":\"2017-08-14T18:48:07+00:00\",\"dateModified\":\"2023-08-31T17:37:33+00:00\",\"breadcrumb\":{\"@id\":\"https:\\\/\\\/marinedelivers.com\\\/fr\\\/declaration-de-la-chambre-de-commerce-maritime-sur-les-limites-de-vitesse-obligatoires\\\/#breadcrumb\"},\"inLanguage\":\"fr-FR\",\"potentialAction\":[{\"@type\":\"ReadAction\",\"target\":[\"https:\\\/\\\/marinedelivers.com\\\/fr\\\/declaration-de-la-chambre-de-commerce-maritime-sur-les-limites-de-vitesse-obligatoires\\\/\"]}]},{\"@type\":\"BreadcrumbList\",\"@id\":\"https:\\\/\\\/marinedelivers.com\\\/fr\\\/declaration-de-la-chambre-de-commerce-maritime-sur-les-limites-de-vitesse-obligatoires\\\/#breadcrumb\",\"itemListElement\":[{\"@type\":\"ListItem\",\"position\":1,\"name\":\"Home\",\"item\":\"https:\\\/\\\/marinedelivers.com\\\/fr\\\/\"},{\"@type\":\"ListItem\",\"position\":2,\"name\":\"D\u00e9claration de la Chambre de commerce maritime sur les limites de vitesse obligatoires\"}]},{\"@type\":\"WebSite\",\"@id\":\"https:\\\/\\\/marinedelivers.com\\\/fr\\\/#website\",\"url\":\"https:\\\/\\\/marinedelivers.com\\\/fr\\\/\",\"name\":\"Chambre de Commerce Maritime\",\"description\":\"Marine delivers our exports to the world\",\"publisher\":{\"@id\":\"https:\\\/\\\/marinedelivers.com\\\/fr\\\/#organization\"},\"potentialAction\":[{\"@type\":\"SearchAction\",\"target\":{\"@type\":\"EntryPoint\",\"urlTemplate\":\"https:\\\/\\\/marinedelivers.com\\\/fr\\\/?s={search_term_string}\"},\"query-input\":{\"@type\":\"PropertyValueSpecification\",\"valueRequired\":true,\"valueName\":\"search_term_string\"}}],\"inLanguage\":\"fr-FR\"},{\"@type\":\"Organization\",\"@id\":\"https:\\\/\\\/marinedelivers.com\\\/fr\\\/#organization\",\"name\":\"Chamber of Marine Commerce\",\"url\":\"https:\\\/\\\/marinedelivers.com\\\/fr\\\/\",\"logo\":{\"@type\":\"ImageObject\",\"inLanguage\":\"fr-FR\",\"@id\":\"https:\\\/\\\/marinedelivers.com\\\/fr\\\/#\\\/schema\\\/logo\\\/image\\\/\",\"url\":\"http:\\\/\\\/marinedelivers.com\\\/wp-content\\\/uploads\\\/2023\\\/07\\\/cmc-logo.svg\",\"contentUrl\":\"http:\\\/\\\/marinedelivers.com\\\/wp-content\\\/uploads\\\/2023\\\/07\\\/cmc-logo.svg\",\"width\":1,\"height\":1,\"caption\":\"Chamber of Marine Commerce\"},\"image\":{\"@id\":\"https:\\\/\\\/marinedelivers.com\\\/fr\\\/#\\\/schema\\\/logo\\\/image\\\/\"},\"sameAs\":[\"https:\\\/\\\/www.facebook.com\\\/MarineDelivers\\\/\",\"https:\\\/\\\/x.com\\\/marinedelivers\"]},{\"@type\":\"Person\",\"@id\":\"https:\\\/\\\/marinedelivers.com\\\/fr\\\/#\\\/schema\\\/person\\\/b106e77bb4572e04596a08fe25f7e711\",\"name\":\"Robert Decher\",\"image\":{\"@type\":\"ImageObject\",\"inLanguage\":\"fr-FR\",\"@id\":\"https:\\\/\\\/secure.gravatar.com\\\/avatar\\\/bc2627947ba7bab923990d1f57953d6cb855122c78057bf8e702ee1181cb6860?s=96&d=mm&r=g\",\"url\":\"https:\\\/\\\/secure.gravatar.com\\\/avatar\\\/bc2627947ba7bab923990d1f57953d6cb855122c78057bf8e702ee1181cb6860?s=96&d=mm&r=g\",\"contentUrl\":\"https:\\\/\\\/secure.gravatar.com\\\/avatar\\\/bc2627947ba7bab923990d1f57953d6cb855122c78057bf8e702ee1181cb6860?s=96&d=mm&r=g\",\"caption\":\"Robert Decher\"},\"url\":\"https:\\\/\\\/marinedelivers.com\\\/fr\\\/author\\\/robertsparkadvocacy-ca\\\/\"}]}<\/script>\n<!-- \/ Yoast SEO plugin. -->","yoast_head_json":{"title":"D\u00e9claration de la Chambre de commerce maritime sur les limites de vitesse obligatoires - Chambre de Commerce Maritime","robots":{"index":"index","follow":"follow","max-snippet":"max-snippet:-1","max-image-preview":"max-image-preview:large","max-video-preview":"max-video-preview:-1"},"canonical":"https:\/\/marinedelivers.com\/fr\/declaration-de-la-chambre-de-commerce-maritime-sur-les-limites-de-vitesse-obligatoires\/","og_locale":"fr_FR","og_type":"article","og_title":"D\u00e9claration de la Chambre de commerce maritime sur les limites de vitesse obligatoires - Chambre de Commerce Maritime","og_description":"\u00a0COMMUNIQU\u00c9Le 11 ao\u00fbt 2017La Chambre de commerce maritime publie \u00e0 la d\u00e9claration suivante en r\u00e9action \u00e0 l\u2019annonce faite aujourd'hui par Dominic LeBlanc, ministre des P\u00eaches, des Oc\u00e9ans et de la Garde c\u00f4ti\u00e8re canadienne, ainsi que par Marc Garneau, ministre des Transports, au sujet des limites de vitesse obligatoires temporaires que devront respecter les navires dans le secteur ouest du golfe Saint-Laurent, soit \u00e0 partir de la rive nord qu\u00e9b\u00e9coise tout juste au nord de l\u2019\u00cele-du-Prince-\u00c9douard.","og_url":"https:\/\/marinedelivers.com\/fr\/declaration-de-la-chambre-de-commerce-maritime-sur-les-limites-de-vitesse-obligatoires\/","og_site_name":"Chambre de Commerce Maritime","article_publisher":"https:\/\/www.facebook.com\/MarineDelivers\/","article_published_time":"2017-08-14T18:48:07+00:00","article_modified_time":"2023-08-31T17:37:33+00:00","author":"Robert Decher","twitter_card":"summary_large_image","twitter_creator":"@marinedelivers","twitter_site":"@marinedelivers","twitter_misc":{"\u00c9crit par":"Robert Decher","Dur\u00e9e de lecture estim\u00e9e":"5 minutes"},"schema":{"@context":"https:\/\/schema.org","@graph":[{"@type":"Article","@id":"https:\/\/marinedelivers.com\/fr\/declaration-de-la-chambre-de-commerce-maritime-sur-les-limites-de-vitesse-obligatoires\/#article","isPartOf":{"@id":"https:\/\/marinedelivers.com\/fr\/declaration-de-la-chambre-de-commerce-maritime-sur-les-limites-de-vitesse-obligatoires\/"},"author":{"name":"Robert Decher","@id":"https:\/\/marinedelivers.com\/fr\/#\/schema\/person\/b106e77bb4572e04596a08fe25f7e711"},"headline":"D\u00e9claration de la Chambre de commerce maritime sur les limites de vitesse obligatoires","datePublished":"2017-08-14T18:48:07+00:00","dateModified":"2023-08-31T17:37:33+00:00","mainEntityOfPage":{"@id":"https:\/\/marinedelivers.com\/fr\/declaration-de-la-chambre-de-commerce-maritime-sur-les-limites-de-vitesse-obligatoires\/"},"wordCount":1061,"publisher":{"@id":"https:\/\/marinedelivers.com\/fr\/#organization"},"articleSection":["Media Release"],"inLanguage":"fr-FR"},{"@type":"WebPage","@id":"https:\/\/marinedelivers.com\/fr\/declaration-de-la-chambre-de-commerce-maritime-sur-les-limites-de-vitesse-obligatoires\/","url":"https:\/\/marinedelivers.com\/fr\/declaration-de-la-chambre-de-commerce-maritime-sur-les-limites-de-vitesse-obligatoires\/","name":"D\u00e9claration de la Chambre de commerce maritime sur les limites de vitesse obligatoires - Chambre de Commerce Maritime","isPartOf":{"@id":"https:\/\/marinedelivers.com\/fr\/#website"},"datePublished":"2017-08-14T18:48:07+00:00","dateModified":"2023-08-31T17:37:33+00:00","breadcrumb":{"@id":"https:\/\/marinedelivers.com\/fr\/declaration-de-la-chambre-de-commerce-maritime-sur-les-limites-de-vitesse-obligatoires\/#breadcrumb"},"inLanguage":"fr-FR","potentialAction":[{"@type":"ReadAction","target":["https:\/\/marinedelivers.com\/fr\/declaration-de-la-chambre-de-commerce-maritime-sur-les-limites-de-vitesse-obligatoires\/"]}]},{"@type":"BreadcrumbList","@id":"https:\/\/marinedelivers.com\/fr\/declaration-de-la-chambre-de-commerce-maritime-sur-les-limites-de-vitesse-obligatoires\/#breadcrumb","itemListElement":[{"@type":"ListItem","position":1,"name":"Home","item":"https:\/\/marinedelivers.com\/fr\/"},{"@type":"ListItem","position":2,"name":"D\u00e9claration de la Chambre de commerce maritime sur les limites de vitesse obligatoires"}]},{"@type":"WebSite","@id":"https:\/\/marinedelivers.com\/fr\/#website","url":"https:\/\/marinedelivers.com\/fr\/","name":"Chambre de Commerce Maritime","description":"Marine delivers our exports to the world","publisher":{"@id":"https:\/\/marinedelivers.com\/fr\/#organization"},"potentialAction":[{"@type":"SearchAction","target":{"@type":"EntryPoint","urlTemplate":"https:\/\/marinedelivers.com\/fr\/?s={search_term_string}"},"query-input":{"@type":"PropertyValueSpecification","valueRequired":true,"valueName":"search_term_string"}}],"inLanguage":"fr-FR"},{"@type":"Organization","@id":"https:\/\/marinedelivers.com\/fr\/#organization","name":"Chamber of Marine Commerce","url":"https:\/\/marinedelivers.com\/fr\/","logo":{"@type":"ImageObject","inLanguage":"fr-FR","@id":"https:\/\/marinedelivers.com\/fr\/#\/schema\/logo\/image\/","url":"http:\/\/marinedelivers.com\/wp-content\/uploads\/2023\/07\/cmc-logo.svg","contentUrl":"http:\/\/marinedelivers.com\/wp-content\/uploads\/2023\/07\/cmc-logo.svg","width":1,"height":1,"caption":"Chamber of Marine Commerce"},"image":{"@id":"https:\/\/marinedelivers.com\/fr\/#\/schema\/logo\/image\/"},"sameAs":["https:\/\/www.facebook.com\/MarineDelivers\/","https:\/\/x.com\/marinedelivers"]},{"@type":"Person","@id":"https:\/\/marinedelivers.com\/fr\/#\/schema\/person\/b106e77bb4572e04596a08fe25f7e711","name":"Robert Decher","image":{"@type":"ImageObject","inLanguage":"fr-FR","@id":"https:\/\/secure.gravatar.com\/avatar\/bc2627947ba7bab923990d1f57953d6cb855122c78057bf8e702ee1181cb6860?s=96&d=mm&r=g","url":"https:\/\/secure.gravatar.com\/avatar\/bc2627947ba7bab923990d1f57953d6cb855122c78057bf8e702ee1181cb6860?s=96&d=mm&r=g","contentUrl":"https:\/\/secure.gravatar.com\/avatar\/bc2627947ba7bab923990d1f57953d6cb855122c78057bf8e702ee1181cb6860?s=96&d=mm&r=g","caption":"Robert Decher"},"url":"https:\/\/marinedelivers.com\/fr\/author\/robertsparkadvocacy-ca\/"}]}},"_links":{"self":[{"href":"https:\/\/marinedelivers.com\/fr\/wp-json\/wp\/v2\/posts\/3393","targetHints":{"allow":["GET"]}}],"collection":[{"href":"https:\/\/marinedelivers.com\/fr\/wp-json\/wp\/v2\/posts"}],"about":[{"href":"https:\/\/marinedelivers.com\/fr\/wp-json\/wp\/v2\/types\/post"}],"author":[{"embeddable":true,"href":"https:\/\/marinedelivers.com\/fr\/wp-json\/wp\/v2\/users\/3"}],"replies":[{"embeddable":true,"href":"https:\/\/marinedelivers.com\/fr\/wp-json\/wp\/v2\/comments?post=3393"}],"version-history":[{"count":0,"href":"https:\/\/marinedelivers.com\/fr\/wp-json\/wp\/v2\/posts\/3393\/revisions"}],"wp:attachment":[{"href":"https:\/\/marinedelivers.com\/fr\/wp-json\/wp\/v2\/media?parent=3393"}],"wp:term":[{"taxonomy":"category","embeddable":true,"href":"https:\/\/marinedelivers.com\/fr\/wp-json\/wp\/v2\/categories?post=3393"},{"taxonomy":"post_tag","embeddable":true,"href":"https:\/\/marinedelivers.com\/fr\/wp-json\/wp\/v2\/tags?post=3393"},{"taxonomy":"news-region","embeddable":true,"href":"https:\/\/marinedelivers.com\/fr\/wp-json\/wp\/v2\/news-region?post=3393"},{"taxonomy":"global-filter","embeddable":true,"href":"https:\/\/marinedelivers.com\/fr\/wp-json\/wp\/v2\/global-filter?post=3393"}],"curies":[{"name":"wp","href":"https:\/\/api.w.org\/{rel}","templated":true}]}}